{"id":5275,"date":"2020-12-07T09:28:22","date_gmt":"2020-12-07T09:28:22","guid":{"rendered":"https:\/\/www.greens-efa.eu\/dossier\/?p=5275"},"modified":"2021-09-23T12:44:37","modified_gmt":"2021-09-23T12:44:37","slug":"lindustrie-europeenne-sur-le-chemin-de-la-neutralite-climatique","status":"publish","type":"post","link":"https:\/\/www.greens-efa.eu\/dossier\/lindustrie-europeenne-sur-le-chemin-de-la-neutralite-climatique\/","title":{"rendered":"L\u2019industrie europ\u00e9enne sur le chemin de la neutralit\u00e9 climatique"},"content":{"rendered":"<div class=\"gouter \" style=\"\"><div class=\"greens-content blk_core_heading\">\n<h4><strong>6 cl\u00e9s pour y parvenir<\/strong><\/h4>\n<\/div><\/div>\n\n<div style=\"height:30px; background:transparent; display:block;\" class=\"spacer\"><\/div>\n\n<div class=\"gouter has-medium-font-size\" style=\"\"><div class=\"greens-content blk_core_paragraph\">\n<p class=\"has-medium-font-size\">Une opinion des eurod\u00e9put\u00e9.es Verts\/ALE <a href=\"https:\/\/twitter.com\/henrikehahn\">Henrike Hahn<\/a>, <a href=\"https:\/\/twitter.com\/DamienCAREME\">Damien Car\u00eame<\/a> et <a href=\"https:\/\/twitter.com\/micha_bloss\">Michael Bloss<\/a>.<\/p>\n<\/div><\/div>\n\n<div style=\"height:30px; background:transparent; display:block;\" class=\"spacer\"><\/div>\n\n<div class=\"gouter wp-block-image\" style=\"\"><div class=\"greens-content blk_core_image\">\n<div class=\"wp-block-image\"><figure class=\"aligncenter\"><img loading=\"lazy\" width=\"1024\" height=\"768\" src=\"https:\/\/www.greens-efa.eu\/dossier\/wp-content\/uploads\/2020\/12\/gustavo-quepon-pF_2lrjWiJE-unsplash-1024x768.jpg\" alt=\"Wind turbines in sunflower field\/ CC0 Gustavo Quepon\" class=\"wp-image-5247\" srcset=\"https:\/\/www.greens-efa.eu\/dossier\/wp-content\/uploads\/2020\/12\/gustavo-quepon-pF_2lrjWiJE-unsplash-1024x768.jpg 1024w, https:\/\/www.greens-efa.eu\/dossier\/wp-content\/uploads\/2020\/12\/gustavo-quepon-pF_2lrjWiJE-unsplash-300x225.jpg 300w, https:\/\/www.greens-efa.eu\/dossier\/wp-content\/uploads\/2020\/12\/gustavo-quepon-pF_2lrjWiJE-unsplash-768x576.jpg 768w, https:\/\/www.greens-efa.eu\/dossier\/wp-content\/uploads\/2020\/12\/gustavo-quepon-pF_2lrjWiJE-unsplash.jpg 1920w\" sizes=\"(max-width: 706px) 89vw, (max-width: 767px) 82vw, 740px\" \/><figcaption>Wind turbines in sunflower field\/ CC0 Gustavo Quepon<\/figcaption><\/figure><\/div>\n<\/div><\/div>\n\n<div style=\"height:30px; background:transparent; display:block;\" class=\"spacer\"><\/div>\n\n<div class=\"gouter has-medium-font-size\" style=\"\"><div class=\"greens-content blk_core_paragraph\">\n<p class=\"has-medium-font-size\">L&#8217;industrie et ses produits sont essentiels pour notre soci\u00e9t\u00e9. Nos usines emploient des millions de travailleurs et contribuent \u00e0 notre \u00e9conomie. Mais l&#8217;industrie utilise&nbsp;&nbsp;\u00e9galement d&#8217;\u00e9normes quantit\u00e9s de charbon, de p\u00e9trole et de gaz, d&#8217;eau, de mati\u00e8res premi\u00e8res, de m\u00e9taux pr\u00e9cieux et de substances chimiques provenant du monde entier, ce qui en fait l&#8217;<a href=\"https:\/\/www.eea.europa.eu\/themes\/industry\/industrial-pollution-in-europe\">une des principales sources de&nbsp;<\/a>pollution de l&#8217;air, de l&#8217;eau et du sol.&nbsp;<\/p>\n<\/div><\/div>\n\n<div class=\"gouter has-medium-font-size\" style=\"\"><div class=\"greens-content blk_core_paragraph\">\n<p class=\"has-medium-font-size\">Le r\u00e9chauffement de la plan\u00e8te a d\u00e9j\u00e0 d\u00e9pass\u00e9 1\u00b0C et nos politiques actuelles nous conduisent vers la catastrophe climatique.&nbsp;<\/p>\n<\/div><\/div>\n\n<div class=\"gouter has-medium-font-size\" style=\"\"><div class=\"greens-content blk_core_paragraph\">\n<p class=\"has-medium-font-size\">Nous devons absolument faire mieux. Les investissements dans l&#8217;innovation et l&#8217;efficacit\u00e9, souvent motiv\u00e9s par des politiques vertes, ont port\u00e9 leurs fruits. Les objectifs de r\u00e9duction des \u00e9missions ont conduit certains secteurs \u00e0 am\u00e9liorer leur empreinte \u00e9cologique, et bon nombre d\u2019entreprises europ\u00e9ennes sont des leaders mondiaux en mati\u00e8re de solutions innovantes durables. Toutefois, il reste encore beaucoup \u00e0 faire. L&#8217;industrie peut &#8211; et doit &#8211; contribuer pleinement \u00e0 la r\u00e9alisation des objectifs climatiques, en tirant les meilleurs b\u00e9n\u00e9fices de la transition verte.&nbsp;&nbsp;<\/p>\n<\/div><\/div>\n\n<div class=\"gouter has-medium-font-size\" style=\"\"><div class=\"greens-content blk_core_paragraph\">\n<p class=\"has-medium-font-size\">Les strat\u00e9gies pour l&#8217;industrie&nbsp;<a href=\"https:\/\/ec.europa.eu\/info\/strategy\/priorities-2019-2024\/europe-fit-digital-age\/european-industrial-strategy_en\">et les PME&nbsp;<\/a>(petites et moyennes entreprises) et le&nbsp;<a href=\"https:\/\/www.greens-efa.eu\/en\/article\/press\/commission-plan-positive-step-to-kick-start-circular-economy\/\">plan d&#8217;action pour l&#8217;\u00e9conomie circulaire<\/a>, lanc\u00e9s en mars 2020 par la Commission europ\u00e9enne, ont \u00e9t\u00e9 de premiers pas importants vers la transformation \u00e9cologique de l\u2019industrie.<\/p>\n<\/div><\/div>\n\n<div class=\"gouter has-medium-font-size\" style=\"\"><div class=\"greens-content blk_core_paragraph\">\n<p class=\"has-medium-font-size\">La relance apr\u00e8s la crise du Covid est une opportunit\u00e9 unique de transformer notre industrie en la rendant plus durable, plus comp\u00e9titive et plus r\u00e9siliente. Pour ce faire, voici sept mesures que l\u2019industrie europ\u00e9enne peut entreprendre d\u00e8s maintenant<\/p>\n<\/div><\/div>\n\n<div style=\"height:30px; background:transparent; display:block;\" class=\"spacer\"><\/div>\n\n<div class=\"gouter wp-block-image\" style=\"\"><div class=\"greens-content blk_core_image\">\n<div class=\"wp-block-image\"><figure class=\"aligncenter\"><img loading=\"lazy\" width=\"1024\" height=\"683\" src=\"https:\/\/www.greens-efa.eu\/dossier\/wp-content\/uploads\/2020\/12\/christopher-burns-8KfCR12oeUM-unsplash-1024x683.jpg\" alt=\"Metal worker\/ CC0 Christopher Burns\" class=\"wp-image-5246\" srcset=\"https:\/\/www.greens-efa.eu\/dossier\/wp-content\/uploads\/2020\/12\/christopher-burns-8KfCR12oeUM-unsplash-1024x683.jpg 1024w, https:\/\/www.greens-efa.eu\/dossier\/wp-content\/uploads\/2020\/12\/christopher-burns-8KfCR12oeUM-unsplash-300x200.jpg 300w, https:\/\/www.greens-efa.eu\/dossier\/wp-content\/uploads\/2020\/12\/christopher-burns-8KfCR12oeUM-unsplash-768x512.jpg 768w, https:\/\/www.greens-efa.eu\/dossier\/wp-content\/uploads\/2020\/12\/christopher-burns-8KfCR12oeUM-unsplash.jpg 1920w\" sizes=\"(max-width: 706px) 89vw, (max-width: 767px) 82vw, 740px\" \/><figcaption>Metal worker\/ CC0 Christopher Burns<\/figcaption><\/figure><\/div>\n<\/div><\/div>\n\n<div class=\"gouter \" style=\"\"><div class=\"greens-content blk_core_heading\">\n<h4><strong>1. L&#8217;UE DOIT MONTRER L\u2019EXEMPLE <\/strong><\/h4>\n<\/div><\/div>\n\n<div class=\"gouter has-medium-font-size\" style=\"\"><div class=\"greens-content blk_core_paragraph\">\n<p class=\"has-medium-font-size\">L\u2019Europe doit fixer des normes environnementales, sociales et de transparence plus strictes pour ses cha\u00eenes de valeur, afin de permettre aux entreprises de comprendre quels investissements entreprendre pour r\u00e9aliser la transition vers une \u00e9conomie durable et coh\u00e9rente avec l&#8217;objectif de l&#8217;UE de 2030 de neutralit\u00e9 climatique.&nbsp;&nbsp;L&#8217;accent devrait \u00eatre mis sur l&#8217;efficacit\u00e9 \u00e9nerg\u00e9tique, le d\u00e9veloppement massif des \u00e9nergies renouvelables et d\u2019un mod\u00e8le d&#8217;\u00e9conomie circulaire. Ces objectifs ambitieux doivent \u00eatre assortis d&#8217;un soutien financier et d&#8217;un soutien \u00e0 l&#8217;emploi afin de permettre une transition juste pour tous les travailleurs. Une attention particuli\u00e8re doit \u00eatre accord\u00e9e \u00e0 la d\u00e9carbonisation des entreprises sid\u00e9rurgiques, cimenti\u00e8res, chimiques et autres entreprises \u00e0 forte intensit\u00e9 \u00e9nerg\u00e9tique. Enfin, les PME devraient b\u00e9n\u00e9ficier d&#8217;un soutien financier particulier et de conseils sp\u00e9cifiques.&nbsp;<\/p>\n<\/div><\/div>\n\n<div class=\"gouter \" style=\"\"><div class=\"greens-content blk_core_heading\">\n<h4><strong>2. LES POLLUEURS DOIVENT PAYER<\/strong><\/h4>\n<\/div><\/div>\n\n<div class=\"gouter has-medium-font-size\" style=\"\"><div class=\"greens-content blk_core_paragraph\">\n<p class=\"has-medium-font-size\">L&#8217;UE subit d\u00e9j\u00e0 plus de 13 milliards d&#8217;euros de dommages climatiques par an. Si nous voulons s\u00e9rieusement lutter contre le bruit, la pollution atmosph\u00e9rique ou la pollution des eaux, les pollueurs doivent \u00eatre tenus responsables de leurs actes. Il est essentiel que toutes les industries europ\u00e9ennes paient le prix des dommages environnementaux qu&#8217;elles causent. \u00c0 cette fin, toute \u00e9mission de carbone doit \u00eatre pay\u00e9e, sans exception, cet argent \u00e9tant r\u00e9orient\u00e9 vers des investissements verts. Cela aide les entreprises dot\u00e9es de mod\u00e8les \u00e9conomiques durables \u00e0 devenir comp\u00e9titives et \u00e0 se d\u00e9velopper !<\/p>\n<\/div><\/div>\n\n<div class=\"gouter \" style=\"\"><div class=\"greens-content blk_core_heading\">\n<h4><strong>3. UNE JUSTE CONCURRENCE DOIT ETRE GARANTIE<\/strong><\/h4>\n<\/div><\/div>\n\n<div class=\"gouter has-medium-font-size\" style=\"\"><div class=\"greens-content blk_core_paragraph\">\n<p class=\"has-medium-font-size\">Les&nbsp;entreprises \u00e9trang\u00e8res qui vendent leurs produits dans l\u2019UE devraient payer le m\u00eame prix pour leurs \u00e9missions que les entreprises europ\u00e9ennes. Nous devons \u00e9viter toute d\u00e9localisation de la pollution hors des fronti\u00e8res de l\u2019UE; nous devons r\u00e9duire les \u00e9missions de CO2 dans le monde entier !&nbsp;&nbsp;C&#8217;est pourquoi la mise en \u0153uvre d&#8217;un&nbsp;m\u00e9canisme&nbsp;&nbsp;d&#8217;<a href=\"https:\/\/www.europarl.europa.eu\/committees\/en\/towards-a-wto-compatible-eu-carbon-borde\/product-details\/20201021CAN58094\">ajustement aux fronti\u00e8res pour le carbone&nbsp;<\/a>sera une mesure cl\u00e9 pour la transition de l&#8217;industrie europ\u00e9enne.<\/p>\n<\/div><\/div>\n\n<div class=\"gouter \" style=\"\"><div class=\"greens-content blk_core_heading\">\n<h4><strong>4. L&#8217;EFFICACIT\u00c9 \u00c9NERG\u00c9TIQUE ET LES \u00c9NERGIES RENOUVELABLES AU COEUR DE LA TRANSITION !&nbsp;<\/strong><\/h4>\n<\/div><\/div>\n\n<div class=\"gouter has-medium-font-size\" style=\"\"><div class=\"greens-content blk_core_paragraph\">\n<p class=\"has-medium-font-size\">Pour d\u00e9carboniser la consommation d&#8217;\u00e9nergie de l&#8217;industrie, nous devons mettre en \u0153uvre des mesures d&#8217;efficacit\u00e9 \u00e9nerg\u00e9tique, en identifiant les domaines dans lesquels la consommation d&#8217;\u00e9nergie peut \u00eatre r\u00e9duite et en \u00e9liminant tout gaspillage. L&#8217;industrie doit exploiter tout le potentiel des \u00e9nergies renouvelables et \u00e9lectrifier ses proc\u00e9d\u00e9s. D\u2019autant plus que l\u2019\u00e9nergie solaire par exemple est devenue moins ch\u00e8re que le charbon et le gaz. L&#8217;efficacit\u00e9 \u00e9nerg\u00e9tique et les \u00e9nergies renouvelables sont m\u00eame \u00e0 l&#8217;origine d&#8217;un nombre consid\u00e9rable d&#8217;emplois locaux qualifi\u00e9s. Pour maximiser les possibilit\u00e9s d&#8217;emploi, nous devons investir strat\u00e9giquement dans une industrie de l&#8217;\u00e9nergie propre ! L&#8217;acc\u00e9l\u00e9ration du d\u00e9ploiement des \u00e9nergies renouvelables nous permettra de produire davantage d&#8217;hydrog\u00e8ne renouvelable, ce qui est essentiel pour la plupart des industries polluantes o\u00f9 l&#8217;\u00e9lectrification bas\u00e9e sur les \u00e9nergies renouvelables n&#8217;est pas encore possible.<\/p>\n<\/div><\/div>\n\n<div class=\"gouter \" style=\"\"><div class=\"greens-content blk_core_heading\">\n<h4><strong>5. DES MARCH\u00c9S DE PREMIER PLAN PEUVENT ETRE CREES<\/strong>&nbsp;<\/h4>\n<\/div><\/div>\n\n<div class=\"gouter has-medium-font-size\" style=\"\"><div class=\"greens-content blk_core_paragraph\">\n<p class=\"has-medium-font-size\">La demande des consommateurs pour des produits durables est essentielle. Outre le fait de rendre les solutions durables plus abordables, nous devons accro\u00eetre la demande des acteurs priv\u00e9s et publics. Am\u00e9liorons les informations qui leur sont fournies, en pr\u00e9cisant sur l&#8217;\u00e9tiquette la dur\u00e9e de vie et la facilit\u00e9 de r\u00e9paration des produits qu&#8217;ils ach\u00e8tent. Am\u00e9liorons la transparence de l&#8217;approvisionnement en mati\u00e8res premi\u00e8res jusqu&#8217;au processus de fabrication. Les pouvoirs publics, qui sont les moteurs de la demande dans certains secteurs, doivent tenir compte de la durabilit\u00e9 des produits et des services qu&#8217;ils ach\u00e8tent, et ne pas se contenter d&#8217;accepter l&#8217;offre la moins ch\u00e8re !&nbsp;<\/p>\n<\/div><\/div>\n\n<div class=\"gouter \" style=\"\"><div class=\"greens-content blk_core_heading\">\n<h4><strong>6. UN FINANCEMENT \u00c9QUITABLE EST NECESSAIRE<\/strong><\/h4>\n<\/div><\/div>\n\n<div class=\"gouter has-medium-font-size\" style=\"\"><div class=\"greens-content blk_core_paragraph\">\n<p class=\"has-medium-font-size\">Pour \u00e9viter des investissements contreproductifs, il est essentiel que le financement public soit conforme \u00e0 l&#8217;objectif de neutralit\u00e9 climatique et ax\u00e9 sur la transition verte. L&#8217;UE dispose d\u00e9sormais d\u2019une d\u00e9finition claires des activit\u00e9s durables (<a href=\"https:\/\/ec.europa.eu\/info\/business-economy-euro\/banking-and-finance\/sustainable-finance\/eu-taxonomy-sustainable-activities_en\">taxonomie de l&#8217;UE<\/a>) : cette base doit servir de boussole pour tous les financements communautaires et nationaux, \u00e0 commencer par les programmes de relance post-COVID-19. \u00c0 l&#8217;avenir, il sera \u00e9galement important de mettre en place un cadre d\u2019\u00e9valuation solide du financement de l&#8217;UE, en particulier des grands projets industriels et d&#8217;infrastructure (appel\u00e9s &#8220;<a href=\"https:\/\/ec.europa.eu\/growth\/content\/supporting-large-scale-industrial-development-green-hydrogen-projects-through-ipcei_en\">projets importants d&#8217;int\u00e9r\u00eat europ\u00e9en commun<\/a>&#8220;).&nbsp;<\/p>\n<\/div><\/div>\n\n<div class=\"gouter has-medium-font-size\" style=\"\"><div class=\"greens-content blk_core_paragraph\">\n<p class=\"has-medium-font-size\">En tant que membres des Verts\/ALE au Parlement europ\u00e9en, nous sommes convaincus que c&#8217;est sur cette voie qu\u2019il faut nous engager. Pour une \u00e9conomie comp\u00e9titive, r\u00e9siliente et durable, et contre la pollution de notre plan\u00e8te, il est temps d&#8217;avoir une industrie europ\u00e9enne plus verte !<\/p>\n<\/div><\/div>\n\n\n\t<div data-cont class=\"\">\n\t\t<div class=\"sq ce half no-marg ce-text ce-bigtext high-green tc\">\n\t\t\t<div class=\"txt tc z8 fs-subline \">\n\t\t\t <span class=\"typewriter\" data-adders=\"0.5;js_start_type\">Auteurs<\/span>\n\t\t\t<\/div>\n\t\t<\/div>\n\t<\/div>\n\n<div class=\"gouter wp-container-2 wp-block-gallery-1 wp-block-gallery aligncenter columns-3 is-cropped\" style=\"\"><div class=\"greens-content blk_core_gallery\">\n<ul class=\"wp-container-2 wp-block-gallery-1 wp-block-gallery aligncenter columns-3 is-cropped\"><li class=\"blocks-gallery-item\"><figure><img loading=\"lazy\" width=\"1024\" height=\"677\" src=\"https:\/\/www.greens-efa.eu\/dossier\/wp-content\/uploads\/2020\/12\/michael-bloss-1024x677.jpg\" alt=\"MEP Michael Bloss \/ \u00a9 European Union 2020 - Source : EP\" data-id=\"5242\" data-link=\"https:\/\/www.greens-efa.eu\/dossier\/michael-bloss\/\" class=\"wp-image-5242\" srcset=\"https:\/\/www.greens-efa.eu\/dossier\/wp-content\/uploads\/2020\/12\/michael-bloss-1024x677.jpg 1024w, https:\/\/www.greens-efa.eu\/dossier\/wp-content\/uploads\/2020\/12\/michael-bloss-300x198.jpg 300w, https:\/\/www.greens-efa.eu\/dossier\/wp-content\/uploads\/2020\/12\/michael-bloss-768x508.jpg 768w, https:\/\/www.greens-efa.eu\/dossier\/wp-content\/uploads\/2020\/12\/michael-bloss.jpg 1358w\" sizes=\"(max-width: 706px) 89vw, (max-width: 767px) 82vw, 740px\" \/><figcaption>MEP Michael Bloss \/ \u00a9 European Union 2020 &#8211; Source : EP<\/figcaption><\/figure><\/li><li class=\"blocks-gallery-item\"><figure><img loading=\"lazy\" width=\"1024\" height=\"677\" src=\"https:\/\/www.greens-efa.eu\/dossier\/wp-content\/uploads\/2020\/12\/damien-careme-1024x677.jpg\" alt=\"Damien Car\u00eame \/ \u00a9 European Union 2020 - Source : EP\" data-id=\"5239\" data-link=\"https:\/\/www.greens-efa.eu\/dossier\/damien-careme\/\" class=\"wp-image-5239\" srcset=\"https:\/\/www.greens-efa.eu\/dossier\/wp-content\/uploads\/2020\/12\/damien-careme-1024x677.jpg 1024w, https:\/\/www.greens-efa.eu\/dossier\/wp-content\/uploads\/2020\/12\/damien-careme-300x198.jpg 300w, https:\/\/www.greens-efa.eu\/dossier\/wp-content\/uploads\/2020\/12\/damien-careme-768x508.jpg 768w, https:\/\/www.greens-efa.eu\/dossier\/wp-content\/uploads\/2020\/12\/damien-careme.jpg 1358w\" sizes=\"(max-width: 706px) 89vw, (max-width: 767px) 82vw, 740px\" \/><figcaption>Damien Car\u00eame \/ \u00a9 European Union 2020 &#8211; Source : EP<\/figcaption><\/figure><\/li><li class=\"blocks-gallery-item\"><figure><img loading=\"lazy\" width=\"1024\" height=\"677\" src=\"https:\/\/www.greens-efa.eu\/dossier\/wp-content\/uploads\/2020\/12\/henrike-hahn-1024x677.jpg\" alt=\"MEP Henrike Hahn\/ \u00a9 European Union 2020 - Source : EP\" data-id=\"5241\" data-link=\"https:\/\/www.greens-efa.eu\/dossier\/henrike-hahn\/\" class=\"wp-image-5241\" srcset=\"https:\/\/www.greens-efa.eu\/dossier\/wp-content\/uploads\/2020\/12\/henrike-hahn-1024x677.jpg 1024w, https:\/\/www.greens-efa.eu\/dossier\/wp-content\/uploads\/2020\/12\/henrike-hahn-300x198.jpg 300w, https:\/\/www.greens-efa.eu\/dossier\/wp-content\/uploads\/2020\/12\/henrike-hahn-768x508.jpg 768w, https:\/\/www.greens-efa.eu\/dossier\/wp-content\/uploads\/2020\/12\/henrike-hahn.jpg 1358w\" sizes=\"(max-width: 706px) 89vw, (max-width: 767px) 82vw, 740px\" \/><figcaption>MEP Henrike Hahn\/ \u00a9 European Union 2020 &#8211; Source : EP<\/figcaption><\/figure><\/li><\/ul>\n<\/div><\/div>\n\n<div class=\"gouter \" style=\"\"><div class=\"greens-content blk_core_paragraph\">\n<p><\/p>\n<\/div><\/div>","protected":false},"excerpt":{"rendered":"<p>Pour une \u00e9conomie comp\u00e9titive, r\u00e9siliente et durable, et contre la pollution de notre plan\u00e8te, il est temps d&#8217;avoir une industrie europ\u00e9enne plus verte !<\/p>\n","protected":false},"author":3,"featured_media":5247,"comment_status":"open","ping_status":"open","sticky":false,"template":"","format":"standard","meta":[],"categories":[11],"tags":[],"yoast_head":"<!-- This site is optimized with the Yoast SEO plugin v19.6.1 - https:\/\/yoast.com\/wordpress\/plugins\/seo\/ -->\n<title>L\u2019industrie europ\u00e9enne sur le chemin de la neutralit\u00e9 climatique - Greens\/EFA<\/title>\n<meta name=\"robots\" content=\"noindex, follow\" \/>\n<meta property=\"og:locale\" content=\"en_GB\" \/>\n<meta property=\"og:type\" content=\"article\" \/>\n<meta property=\"og:title\" content=\"L\u2019industrie europ\u00e9enne sur le chemin de la neutralit\u00e9 climatique - Greens\/EFA\" \/>\n<meta property=\"og:description\" content=\"Pour une \u00e9conomie comp\u00e9titive, r\u00e9siliente et durable, et contre la pollution de notre plan\u00e8te, il est temps d&#039;avoir une industrie europ\u00e9enne plus verte !\" \/>\n<meta property=\"og:url\" content=\"https:\/\/www.greens-efa.eu\/dossier\/lindustrie-europeenne-sur-le-chemin-de-la-neutralite-climatique\/\" \/>\n<meta property=\"og:site_name\" content=\"Greens\/EFA\" \/>\n<meta property=\"article:published_time\" content=\"2020-12-07T09:28:22+00:00\" \/>\n<meta property=\"article:modified_time\" content=\"2021-09-23T12:44:37+00:00\" \/>\n<meta property=\"og:image\" content=\"https:\/\/www.greens-efa.eu\/dossier\/wp-content\/uploads\/2020\/12\/gustavo-quepon-pF_2lrjWiJE-unsplash.jpg\" \/>\n\t<meta property=\"og:image:width\" content=\"1920\" \/>\n\t<meta property=\"og:image:height\" content=\"1440\" \/>\n\t<meta property=\"og:image:type\" content=\"image\/jpeg\" \/>\n<meta name=\"author\" content=\"jb\" \/>\n<meta name=\"twitter:card\" content=\"summary_large_image\" \/>\n<meta name=\"twitter:label1\" content=\"Written by\" \/>\n\t<meta name=\"twitter:data1\" content=\"jb\" \/>\n\t<meta name=\"twitter:label2\" content=\"Estimated reading time\" \/>\n\t<meta name=\"twitter:data2\" content=\"6 minutes\" \/>\n<script type=\"application\/ld+json\" class=\"yoast-schema-graph\">{\"@context\":\"https:\/\/schema.org\",\"@graph\":[{\"@type\":\"WebPage\",\"@id\":\"https:\/\/www.greens-efa.eu\/dossier\/lindustrie-europeenne-sur-le-chemin-de-la-neutralite-climatique\/\",\"url\":\"https:\/\/www.greens-efa.eu\/dossier\/lindustrie-europeenne-sur-le-chemin-de-la-neutralite-climatique\/\",\"name\":\"L\u2019industrie europ\u00e9enne sur le chemin de la neutralit\u00e9 climatique - Greens\/EFA\",\"isPartOf\":{\"@id\":\"https:\/\/www.greens-efa.eu\/dossier\/#website\"},\"datePublished\":\"2020-12-07T09:28:22+00:00\",\"dateModified\":\"2021-09-23T12:44:37+00:00\",\"author\":{\"@id\":\"https:\/\/www.greens-efa.eu\/dossier\/#\/schema\/person\/d30cf8c5689472d3b7a4397ce0014671\"},\"breadcrumb\":{\"@id\":\"https:\/\/www.greens-efa.eu\/dossier\/lindustrie-europeenne-sur-le-chemin-de-la-neutralite-climatique\/#breadcrumb\"},\"inLanguage\":\"en-GB\",\"potentialAction\":[{\"@type\":\"ReadAction\",\"target\":[\"https:\/\/www.greens-efa.eu\/dossier\/lindustrie-europeenne-sur-le-chemin-de-la-neutralite-climatique\/\"]}]},{\"@type\":\"BreadcrumbList\",\"@id\":\"https:\/\/www.greens-efa.eu\/dossier\/lindustrie-europeenne-sur-le-chemin-de-la-neutralite-climatique\/#breadcrumb\",\"itemListElement\":[{\"@type\":\"ListItem\",\"position\":1,\"name\":\"Home\",\"item\":\"https:\/\/www.greens-efa.eu\/dossier\/\"},{\"@type\":\"ListItem\",\"position\":2,\"name\":\"L\u2019industrie europ\u00e9enne sur le chemin de la neutralit\u00e9 climatique\"}]},{\"@type\":\"WebSite\",\"@id\":\"https:\/\/www.greens-efa.eu\/dossier\/#website\",\"url\":\"https:\/\/www.greens-efa.eu\/dossier\/\",\"name\":\"Greens\/EFA\",\"description\":\"Greens\/EFA\",\"potentialAction\":[{\"@type\":\"SearchAction\",\"target\":{\"@type\":\"EntryPoint\",\"urlTemplate\":\"https:\/\/www.greens-efa.eu\/dossier\/?s={search_term_string}\"},\"query-input\":\"required name=search_term_string\"}],\"inLanguage\":\"en-GB\"},{\"@type\":\"Person\",\"@id\":\"https:\/\/www.greens-efa.eu\/dossier\/#\/schema\/person\/d30cf8c5689472d3b7a4397ce0014671\",\"name\":\"jb\",\"image\":{\"@type\":\"ImageObject\",\"inLanguage\":\"en-GB\",\"@id\":\"https:\/\/www.greens-efa.eu\/dossier\/#\/schema\/person\/image\/\",\"url\":\"https:\/\/secure.gravatar.com\/avatar\/11c24c71631ba3b50d1ceec13ccf1f34?s=96&d=mm&r=g\",\"contentUrl\":\"https:\/\/secure.gravatar.com\/avatar\/11c24c71631ba3b50d1ceec13ccf1f34?s=96&d=mm&r=g\",\"caption\":\"jb\"}}]}<\/script>\n<!-- \/ Yoast SEO plugin. -->","yoast_head_json":{"title":"L\u2019industrie europ\u00e9enne sur le chemin de la neutralit\u00e9 climatique - Greens\/EFA","robots":{"index":"noindex","follow":"follow"},"og_locale":"en_GB","og_type":"article","og_title":"L\u2019industrie europ\u00e9enne sur le chemin de la neutralit\u00e9 climatique - Greens\/EFA","og_description":"Pour une \u00e9conomie comp\u00e9titive, r\u00e9siliente et durable, et contre la pollution de notre plan\u00e8te, il est temps d'avoir une industrie europ\u00e9enne plus verte !","og_url":"https:\/\/www.greens-efa.eu\/dossier\/lindustrie-europeenne-sur-le-chemin-de-la-neutralite-climatique\/","og_site_name":"Greens\/EFA","article_published_time":"2020-12-07T09:28:22+00:00","article_modified_time":"2021-09-23T12:44:37+00:00","og_image":[{"width":1920,"height":1440,"url":"https:\/\/www.greens-efa.eu\/dossier\/wp-content\/uploads\/2020\/12\/gustavo-quepon-pF_2lrjWiJE-unsplash.jpg","type":"image\/jpeg"}],"author":"jb","twitter_card":"summary_large_image","twitter_misc":{"Written by":"jb","Estimated reading time":"6 minutes"},"schema":{"@context":"https:\/\/schema.org","@graph":[{"@type":"WebPage","@id":"https:\/\/www.greens-efa.eu\/dossier\/lindustrie-europeenne-sur-le-chemin-de-la-neutralite-climatique\/","url":"https:\/\/www.greens-efa.eu\/dossier\/lindustrie-europeenne-sur-le-chemin-de-la-neutralite-climatique\/","name":"L\u2019industrie europ\u00e9enne sur le chemin de la neutralit\u00e9 climatique - Greens\/EFA","isPartOf":{"@id":"https:\/\/www.greens-efa.eu\/dossier\/#website"},"datePublished":"2020-12-07T09:28:22+00:00","dateModified":"2021-09-23T12:44:37+00:00","author":{"@id":"https:\/\/www.greens-efa.eu\/dossier\/#\/schema\/person\/d30cf8c5689472d3b7a4397ce0014671"},"breadcrumb":{"@id":"https:\/\/www.greens-efa.eu\/dossier\/lindustrie-europeenne-sur-le-chemin-de-la-neutralite-climatique\/#breadcrumb"},"inLanguage":"en-GB","potentialAction":[{"@type":"ReadAction","target":["https:\/\/www.greens-efa.eu\/dossier\/lindustrie-europeenne-sur-le-chemin-de-la-neutralite-climatique\/"]}]},{"@type":"BreadcrumbList","@id":"https:\/\/www.greens-efa.eu\/dossier\/lindustrie-europeenne-sur-le-chemin-de-la-neutralite-climatique\/#breadcrumb","itemListElement":[{"@type":"ListItem","position":1,"name":"Home","item":"https:\/\/www.greens-efa.eu\/dossier\/"},{"@type":"ListItem","position":2,"name":"L\u2019industrie europ\u00e9enne sur le chemin de la neutralit\u00e9 climatique"}]},{"@type":"WebSite","@id":"https:\/\/www.greens-efa.eu\/dossier\/#website","url":"https:\/\/www.greens-efa.eu\/dossier\/","name":"Greens\/EFA","description":"Greens\/EFA","potentialAction":[{"@type":"SearchAction","target":{"@type":"EntryPoint","urlTemplate":"https:\/\/www.greens-efa.eu\/dossier\/?s={search_term_string}"},"query-input":"required name=search_term_string"}],"inLanguage":"en-GB"},{"@type":"Person","@id":"https:\/\/www.greens-efa.eu\/dossier\/#\/schema\/person\/d30cf8c5689472d3b7a4397ce0014671","name":"jb","image":{"@type":"ImageObject","inLanguage":"en-GB","@id":"https:\/\/www.greens-efa.eu\/dossier\/#\/schema\/person\/image\/","url":"https:\/\/secure.gravatar.com\/avatar\/11c24c71631ba3b50d1ceec13ccf1f34?s=96&d=mm&r=g","contentUrl":"https:\/\/secure.gravatar.com\/avatar\/11c24c71631ba3b50d1ceec13ccf1f34?s=96&d=mm&r=g","caption":"jb"}}]}},"_links":{"self":[{"href":"https:\/\/www.greens-efa.eu\/dossier\/wp-json\/wp\/v2\/posts\/5275"}],"collection":[{"href":"https:\/\/www.greens-efa.eu\/dossier\/wp-json\/wp\/v2\/posts"}],"about":[{"href":"https:\/\/www.greens-efa.eu\/dossier\/wp-json\/wp\/v2\/types\/post"}],"author":[{"embeddable":true,"href":"https:\/\/www.greens-efa.eu\/dossier\/wp-json\/wp\/v2\/users\/3"}],"replies":[{"embeddable":true,"href":"https:\/\/www.greens-efa.eu\/dossier\/wp-json\/wp\/v2\/comments?post=5275"}],"version-history":[{"count":17,"href":"https:\/\/www.greens-efa.eu\/dossier\/wp-json\/wp\/v2\/posts\/5275\/revisions"}],"predecessor-version":[{"id":8194,"href":"https:\/\/www.greens-efa.eu\/dossier\/wp-json\/wp\/v2\/posts\/5275\/revisions\/8194"}],"wp:featuredmedia":[{"embeddable":true,"href":"https:\/\/www.greens-efa.eu\/dossier\/wp-json\/wp\/v2\/media\/5247"}],"wp:attachment":[{"href":"https:\/\/www.greens-efa.eu\/dossier\/wp-json\/wp\/v2\/media?parent=5275"}],"wp:term":[{"taxonomy":"category","embeddable":true,"href":"https:\/\/www.greens-efa.eu\/dossier\/wp-json\/wp\/v2\/categories?post=5275"},{"taxonomy":"post_tag","embeddable":true,"href":"https:\/\/www.greens-efa.eu\/dossier\/wp-json\/wp\/v2\/tags?post=5275"}],"curies":[{"name":"wp","href":"https:\/\/api.w.org\/{rel}","templated":true}]}}