{"id":5630,"date":"2020-12-18T08:17:42","date_gmt":"2020-12-18T08:17:42","guid":{"rendered":"https:\/\/www.greens-efa.eu\/dossier\/?p=5630"},"modified":"2020-12-18T08:18:27","modified_gmt":"2020-12-18T08:18:27","slug":"6-schritte-fur-eine-klimaneutrale-europaische-industrie","status":"publish","type":"post","link":"https:\/\/www.greens-efa.eu\/dossier\/6-schritte-fur-eine-klimaneutrale-europaische-industrie\/","title":{"rendered":"6 Schritte f\u00fcr eine klimaneutrale europ\u00e4ische Industrie"},"content":{"rendered":"<div class=\"gouter has-medium-font-size\" style=\"\"><div class=\"greens-content blk_core_paragraph\">\n<p class=\"has-medium-font-size\">Ein Blogbeitrag von den Gr\u00fcnen\/EFA-Abgeordneten\u00a0<a href=\"https:\/\/twitter.com\/henrikehahn\">Henrike Hahn<\/a>, <a href=\"https:\/\/twitter.com\/DamienCAREME\">Damien Car\u00eame<\/a> und <a href=\"https:\/\/twitter.com\/micha_bloss\">Michael Bloss<\/a>.<\/p>\n<\/div><\/div>\n\n<div style=\"height:30px; background:transparent; display:block;\" class=\"spacer\"><\/div>\n\n<div class=\"gouter wp-block-image\" style=\"\"><div class=\"greens-content blk_core_image\">\n<div class=\"wp-block-image\"><figure class=\"aligncenter\"><img loading=\"lazy\" width=\"1024\" height=\"768\" src=\"https:\/\/www.greens-efa.eu\/dossier\/wp-content\/uploads\/2020\/12\/gustavo-quepon-pF_2lrjWiJE-unsplash-1024x768.jpg\" alt=\"Wind turbines in sunflower field\/ CC0 Gustavo Quepon\" class=\"wp-image-5247\" srcset=\"https:\/\/www.greens-efa.eu\/dossier\/wp-content\/uploads\/2020\/12\/gustavo-quepon-pF_2lrjWiJE-unsplash-1024x768.jpg 1024w, https:\/\/www.greens-efa.eu\/dossier\/wp-content\/uploads\/2020\/12\/gustavo-quepon-pF_2lrjWiJE-unsplash-300x225.jpg 300w, https:\/\/www.greens-efa.eu\/dossier\/wp-content\/uploads\/2020\/12\/gustavo-quepon-pF_2lrjWiJE-unsplash-768x576.jpg 768w, https:\/\/www.greens-efa.eu\/dossier\/wp-content\/uploads\/2020\/12\/gustavo-quepon-pF_2lrjWiJE-unsplash.jpg 1920w\" sizes=\"(max-width: 706px) 89vw, (max-width: 767px) 82vw, 740px\" \/><figcaption>Wind turbines in sunflower field\/ CC0 Gustavo Quepon<\/figcaption><\/figure><\/div>\n<\/div><\/div>\n\n<div style=\"height:30px; background:transparent; display:block;\" class=\"spacer\"><\/div>\n\n<div class=\"gouter has-medium-font-size\" style=\"\"><div class=\"greens-content blk_core_paragraph\">\n<p class=\"has-medium-font-size\">Unsere Gesellschaft braucht die Industrie und ihre Produkte. Sie bietet Arbeitspl\u00e4tze f\u00fcr Millionen von Menschen und st\u00e4rkt unsere Wirtschaft. Gleichzeitig verbraucht sie aber auch riesige Mengen an Kohle, \u00d6l und Gas sowie Wasser, Rohstoffen, Edelmetallen und chemischen Substanzen, die \u00fcberall auf der Welt abgebaut werden. Die Industrie ist daher&nbsp;<a href=\"https:\/\/www.eea.europa.eu\/themes\/industry\/industrial-pollution-in-europe\">einer der st\u00e4rksten Verursacher<\/a>&nbsp;der Luft-, Wasser- und Bodenverschmutzung in Europa.<\/p>\n<\/div><\/div>\n\n<div class=\"gouter has-medium-font-size\" style=\"\"><div class=\"greens-content blk_core_paragraph\">\n<p class=\"has-medium-font-size\">Die globale Erw\u00e4rmung hat mittlerweile 1\u00b0 C \u00fcberschritten \u2013 und mit unseren derzeitigen Gesetzen schlittern wir geradewegs in einen Klimakollaps. Es muss also noch viel passieren. Es hat sich gezeigt, dass Investitionen in Innovation und Effizienz (die h\u00e4ufig von gr\u00fcnen Gesetzen angesto\u00dfen werden) sich auszahlen. Durch Emissionsziele und verpflichtende Energieaudits ist es einigen Sektoren gelungen, ihren \u00f6kologischen Fu\u00dfabdruck zu verbessern. Einige europ\u00e4ische Unternehmen sind heute Weltmarktf\u00fchrer im Bereich der nachhaltigen und innovativen L\u00f6sungen. Trotzdem gibt es immer noch gro\u00dfen Handlungsbedarf. Die Industrie kann und muss also dazu beitragen, die vereinbarten Klimaziele zu erreichen. Im Gegenzug wird sie von den zahlreichen Chancen profitieren, die gr\u00fcne Transformation mit sich bringt.<\/p>\n<\/div><\/div>\n\n<div class=\"gouter has-medium-font-size\" style=\"\"><div class=\"greens-content blk_core_paragraph\">\n<p class=\"has-medium-font-size\">Die&nbsp;<a href=\"https:\/\/ec.europa.eu\/info\/strategy\/priorities-2019-2024\/europe-fit-digital-age\/european-industrial-strategy_de\">Industriestrategie, die Strategie f\u00fcr KMUs<\/a>&nbsp;(kleine und mittlere Unternehmen) und der&nbsp;<a href=\"https:\/\/www.greens-efa.eu\/de\/artikel\/press\/commission-plan-positive-step-to-kick-start-circular-economy\/\">Aktionsplan f\u00fcr Kreislaufwirtschaft,<\/a>&nbsp;der im M\u00e4rz 2020 von der Europ\u00e4ischen Kommission pr\u00e4sentiert wurde, sind erste Signale an die Industrie, die bereits aufzeigen, welche gro\u00dfen Ver\u00e4nderungen mit der \u00f6kologischen Transformation auf sie zukommen.<\/p>\n<\/div><\/div>\n\n<div class=\"gouter has-medium-font-size\" style=\"\"><div class=\"greens-content blk_core_paragraph\">\n<p class=\"has-medium-font-size\">Der Wiederaufbau nach der Covid-19-Krise ist eine riesige Chance, unsere Industrie nachhaltiger, wettbewerbsf\u00e4higer und widerstandsf\u00e4higer zu machen. Wir haben 6 Schritte herausgearbeitet, wie die EU und die Industrie diese Chance umsetzen k\u00f6nnen:<\/p>\n<\/div><\/div>\n\n<div style=\"height:30px; background:transparent; display:block;\" class=\"spacer\"><\/div>\n\n<div class=\"gouter \" style=\"\"><div class=\"greens-content blk_core_heading\">\n<h4><strong>1. Vorbild werden<\/strong><\/h4>\n<\/div><\/div>\n\n<div class=\"gouter has-medium-font-size\" style=\"\"><div class=\"greens-content blk_core_paragraph\">\n<p class=\"has-medium-font-size\">Die Europ\u00e4ische Union muss klare Umwelt,- Sozial-, und Transparenzstandards f\u00fcr industrielle Wertsch\u00f6pfungsketten setzen. Dadurch k\u00f6nnen Unternehmen nachvollziehen, welche Investitionen die Umstellung auf eine wettbewerbsf\u00e4hige und nachhaltige Wirtschaft erfordert und wie sie die Klimaziele und Klimaneutralit\u00e4t bis 2030 erreichen k\u00f6nnen. Der Fokus muss dabei auf Ressourcen- und Energieeffizienz, Kreislaufwirtschaft sowie auf der Umstellung auf erneuerbare Energien liegen. Mit ambitionierten Zielen m\u00fcssen au\u00dferdem finanzielle Hilfen einhergehen, um Arbeitspl\u00e4tze zu sichern und einen gerechten \u00dcbergang f\u00fcr alle Arbeitnehmer*innen zu erm\u00f6glichen. Ein besonderer Schwerpunkt muss auf der Dekarbonisierung der energieintensiven Sektoren liegen, darunter die Stahl- und Zementindustrie sowie die chemische Industrie. Weiterhin muss besonders der Mittelstand tatkr\u00e4ftig finanziell und durch Beratung auf lokaler Ebene unterst\u00fctzt werden.<\/p>\n<\/div><\/div>\n\n<div class=\"gouter \" style=\"\"><div class=\"greens-content blk_core_heading\">\n<h4><strong>2. Verursacherprinzip<\/strong><\/h4>\n<\/div><\/div>\n\n<div class=\"gouter has-medium-font-size\" style=\"\"><div class=\"greens-content blk_core_paragraph\">\n<p class=\"has-medium-font-size\">Schon jetzt entstehen in Europa durch die Klimakrise Sch\u00e4den von j\u00e4hrlich 13 Milliarden Euro. Wenn wir die Bek\u00e4mpfung der Ursachen von L\u00e4rm, Luftverschmutzung und den Verlust von Trinkwasser ernst nehmen, m\u00fcssen die Verursacher daf\u00fcr verantwortlich gemacht werden. Die europ\u00e4ische Industrie muss den Preis f\u00fcr die Umweltzerst\u00f6rung zahlen, die sie verursacht. Deshalb m\u00fcssen alle Ausnahmen von bestehenden CO2-Bepreisungen auslaufen und das damit verbundene Geld stattdessen gr\u00fcn investiert werden. Das w\u00fcrde auch Unternehmen mit nachhaltigen Gesch\u00e4ftsmodellen helfen, wettbewerbsf\u00e4hig zu sein und zu wachsen.<\/p>\n<\/div><\/div>\n\n<div class=\"gouter \" style=\"\"><div class=\"greens-content blk_core_heading\">\n<h4><strong>3. Ein gerechter Wettbewerb<\/strong><\/h4>\n<\/div><\/div>\n\n<div class=\"gouter has-medium-font-size\" style=\"\"><div class=\"greens-content blk_core_paragraph\">\n<p class=\"has-medium-font-size\">Unternehmen in Drittstaaten, die ihre Produkte in der Europ\u00e4ischen Union verkaufen, sollten den gleichen Preis f\u00fcr Emissionen zahlen wie Unternehmen in der EU. Wir m\u00f6chten verhindern, dass Unternehmen ihren Standort von der EU in andere Teile der Welt verlegen und wir wollen Emissionen weltweit reduzieren. Deshalb ist es die Einf\u00fchrung eines an den Au\u00dfengrenzen wirksamen&nbsp;<a href=\"https:\/\/www.europarl.europa.eu\/committees\/de\/towards-a-wto-compatible-eu-carbon-borde\/product-details\/20201021CAN58094\">Ausgleichs-Mechanismus<\/a>&nbsp;f\u00fcr Emissionen entscheidend auf dem Weg in die \u00f6kologische Transformation der europ\u00e4ischen Wirtschaft.<\/p>\n<\/div><\/div>\n\n<div class=\"gouter \" style=\"\"><div class=\"greens-content blk_core_heading\">\n<h4><strong>4. Fokus auf die \u201eno regrets\u201c: Energieeffizienz und erneuerbare Energien<\/strong><\/h4>\n<\/div><\/div>\n\n<div class=\"gouter has-medium-font-size\" style=\"\"><div class=\"greens-content blk_core_paragraph\">\n<p class=\"has-medium-font-size\">Um die Industrie zu dekarbonisieren, m\u00fcssen wir auf Ma\u00dfnahmen f\u00fcr h\u00f6here Energieeffizienz setzen. Dabei m\u00fcssen wir Einsparpotenziale finden und Energieverschwendung verhindern. Die Industrie muss ihre Prozesse elektrifizieren und das volle Potenzial der erneuerbaren Energien nutzen. Sonnenenergie ist mittlerweile in den meisten L\u00e4ndern g\u00fcnstiger als Kohle und Gas. Energieeffizienz und erneuerbare Energien schaffen au\u00dferdem zahlreiche neue qualifizierte und lokale Arbeitspl\u00e4tze. Um die Besch\u00e4ftigungsm\u00f6glichkeiten auszureizen, m\u00fcssen wir strategisch in eine saubere, heimische Energieindustrie investieren. Durch den beschleunigten Ausbau erneuerbarer Energien kann auch die Produktion von nachhaltigem Wasserstoff beschleunigt werden \u2013 einem der wichtigsten Energietr\u00e4ger f\u00fcr Industrien, die starke Umweltverschmutzung verursachen und f\u00fcr die eine Umstellung auf erneuerbare Energien bisher nicht durchf\u00fchrbar war.<\/p>\n<\/div><\/div>\n\n<div class=\"gouter \" style=\"\"><div class=\"greens-content blk_core_heading\">\n<h4><strong>5. F\u00fchrende M\u00e4rkte schaffen<\/strong><\/h4>\n<\/div><\/div>\n\n<div class=\"gouter has-medium-font-size\" style=\"\"><div class=\"greens-content blk_core_paragraph\">\n<p class=\"has-medium-font-size\">Entscheidend ist auch die Nachfrage von Kundinnen und Kunden nach nachhaltigen Produkten. Wir m\u00fcssen daher nachhaltige Produkte und L\u00f6sungen nicht nur erschwinglicher machen, sondern gleichzeitig auch die \u00f6ffentliche und die private Nachfrage ankurbeln. F\u00fcr Konsument*innen muss durch eine Kennzeichnung am Produkt klar ersichtlich sein, wie langlebig das Produkt ist und wie leicht es reparierbar ist. Au\u00dferdem m\u00fcssen die einzelnen Schritte vom Abbau des Rohstoffs bis zur Verarbeitung des Produkts transparenter gemacht werden. Und die \u00f6ffentliche Hand, die die Nachfrage in einigen Sektoren&nbsp;erheblich beeinflusst, sollte nicht auf das billigste Produkt zur\u00fcckgreifen, sondern beim Kauf von Produkten und Dienstleistungen auch immer den Faktor Nachhaltigkeit einbeziehen.<\/p>\n<\/div><\/div>\n\n<div class=\"gouter \" style=\"\"><div class=\"greens-content blk_core_heading\">\n<h4><strong>6. Faire F\u00f6rderungen<\/strong><\/h4>\n<\/div><\/div>\n\n<div class=\"gouter has-medium-font-size\" style=\"\"><div class=\"greens-content blk_core_paragraph\">\n<p class=\"has-medium-font-size\">Um sogenannte \u201estranded investments\u201c (\u201everlorene Investitionen\u201c) zu verhindern, ist es wesentlich, dass die Auszahlung \u00f6ffentlicher F\u00f6rderungen an Ziele f\u00fcr eine gr\u00fcne Transformation der Industrie, beispielsweise Klimaneutralit\u00e4t, gebunden wird. Mit der&nbsp;<a href=\"https:\/\/ec.europa.eu\/info\/business-economy-euro\/banking-and-finance\/sustainable-finance\/eu-taxonomy-sustainable-activities_de\">EU-Taxonomie<\/a>&nbsp;existieren bereits klare Definitionen nachhaltiger Praktiken. Diese sollten als Kompass f\u00fcr alle EU-weiten und nationalen F\u00f6rderungen dienen&nbsp;\u2013&nbsp;angefangen bei den Wiederaufbau-Ma\u00dfnahmen nach der Covid-19-Pandemie. Wichtig ist au\u00dferdem ein robustes Monitoring f\u00fcr EU-F\u00f6rderungen, besonders f\u00fcr Gelder, die an gro\u00dfe Industrie- oder Infrastrukturprojekte flie\u00dfen (sogenannte \u201c<a href=\"https:\/\/ec.europa.eu\/growth\/content\/supporting-large-scale-industrial-development-green-hydrogen-projects-through-ipcei_en\">Important Projects of Common European Interest<\/a>\u201d\/\u201eWichtige Projekte im Allgemeininteresse\u201d).<\/p>\n<\/div><\/div>\n\n<div class=\"gouter has-medium-font-size\" style=\"\"><div class=\"greens-content blk_core_paragraph\">\n<p class=\"has-medium-font-size\">Als Mitglieder der Gr\u00fcnen\/EFA-Fraktion im Europ\u00e4ischen Parlament sind wir \u00fcberzeugt, dass dies der richtige Weg ist, wie wir unsere Luft sauber und unseren Planeten k\u00fchl halten und eine wettbewerbsf\u00e4hige, resiliente und nachhaltige Wirtschaft erreichen k\u00f6nnen. Es ist Zeit f\u00fcr eine gr\u00fcne europ\u00e4ische Industrie!<\/p>\n<\/div><\/div>\n\n\n\t<div data-cont class=\"\">\n\t\t<div class=\"sq ce half no-marg ce-text ce-bigtext high-green tc\">\n\t\t\t<div class=\"txt tc z8 fs-subline \">\n\t\t\t <span class=\"typewriter\" data-adders=\"0.5;js_start_type\"><em>Autoren<\/em><\/span>\n\t\t\t<\/div>\n\t\t<\/div>\n\t<\/div>\n\n<div class=\"gouter wp-container-2 wp-block-gallery-1 wp-block-gallery columns-3 is-cropped\" style=\"\"><div class=\"greens-content blk_core_gallery\">\n<ul class=\"wp-container-2 wp-block-gallery-1 wp-block-gallery columns-3 is-cropped\"><li class=\"blocks-gallery-item\"><figure><img loading=\"lazy\" width=\"1024\" height=\"677\" src=\"https:\/\/www.greens-efa.eu\/dossier\/wp-content\/uploads\/2020\/12\/michael-bloss-1024x677.jpg\" alt=\"MEP Michael Bloss \/ \u00a9 European Union 2020 - Source : EP\" data-id=\"5242\" data-link=\"https:\/\/www.greens-efa.eu\/dossier\/michael-bloss\/\" class=\"wp-image-5242\" srcset=\"https:\/\/www.greens-efa.eu\/dossier\/wp-content\/uploads\/2020\/12\/michael-bloss-1024x677.jpg 1024w, https:\/\/www.greens-efa.eu\/dossier\/wp-content\/uploads\/2020\/12\/michael-bloss-300x198.jpg 300w, https:\/\/www.greens-efa.eu\/dossier\/wp-content\/uploads\/2020\/12\/michael-bloss-768x508.jpg 768w, https:\/\/www.greens-efa.eu\/dossier\/wp-content\/uploads\/2020\/12\/michael-bloss.jpg 1358w\" sizes=\"(max-width: 706px) 89vw, (max-width: 767px) 82vw, 740px\" \/><figcaption>MEP Michael Bloss \/ \u00a9 European Union 2020 &#8211; Source : EP<\/figcaption><\/figure><\/li><li class=\"blocks-gallery-item\"><figure><img loading=\"lazy\" width=\"1024\" height=\"677\" src=\"https:\/\/www.greens-efa.eu\/dossier\/wp-content\/uploads\/2020\/12\/damien-careme-1024x677.jpg\" alt=\"Damien Car\u00eame \/ \u00a9 European Union 2020 - Source : EP\" data-id=\"5239\" data-link=\"https:\/\/www.greens-efa.eu\/dossier\/damien-careme\/\" class=\"wp-image-5239\" srcset=\"https:\/\/www.greens-efa.eu\/dossier\/wp-content\/uploads\/2020\/12\/damien-careme-1024x677.jpg 1024w, https:\/\/www.greens-efa.eu\/dossier\/wp-content\/uploads\/2020\/12\/damien-careme-300x198.jpg 300w, https:\/\/www.greens-efa.eu\/dossier\/wp-content\/uploads\/2020\/12\/damien-careme-768x508.jpg 768w, https:\/\/www.greens-efa.eu\/dossier\/wp-content\/uploads\/2020\/12\/damien-careme.jpg 1358w\" sizes=\"(max-width: 706px) 89vw, (max-width: 767px) 82vw, 740px\" \/><figcaption>Damien Car\u00eame \/ \u00a9 European Union 2020 &#8211; Source : EP<\/figcaption><\/figure><\/li><li class=\"blocks-gallery-item\"><figure><img loading=\"lazy\" width=\"1024\" height=\"677\" src=\"https:\/\/www.greens-efa.eu\/dossier\/wp-content\/uploads\/2020\/12\/henrike-hahn-1024x677.jpg\" alt=\"MEP Henrike Hahn\/ \u00a9 European Union 2020 - Source : EP\" data-id=\"5241\" data-link=\"https:\/\/www.greens-efa.eu\/dossier\/henrike-hahn\/\" class=\"wp-image-5241\" srcset=\"https:\/\/www.greens-efa.eu\/dossier\/wp-content\/uploads\/2020\/12\/henrike-hahn-1024x677.jpg 1024w, https:\/\/www.greens-efa.eu\/dossier\/wp-content\/uploads\/2020\/12\/henrike-hahn-300x198.jpg 300w, https:\/\/www.greens-efa.eu\/dossier\/wp-content\/uploads\/2020\/12\/henrike-hahn-768x508.jpg 768w, https:\/\/www.greens-efa.eu\/dossier\/wp-content\/uploads\/2020\/12\/henrike-hahn.jpg 1358w\" sizes=\"(max-width: 706px) 89vw, (max-width: 767px) 82vw, 740px\" \/><figcaption>MEP Henrike Hahn\/ \u00a9 European Union 2020 &#8211; Source : EP<\/figcaption><\/figure><\/li><\/ul>\n<\/div><\/div>","protected":false},"excerpt":{"rendered":"<p>Wir m\u00fcssen unsere Luft sauber und unseren Planeten k\u00fchl halten und eine wettbewerbsf\u00e4hige, widerstandsf\u00e4hige und nachhaltige Wirtschaft erreichen. Es ist Zeit f\u00fcr eine gr\u00fcne europ\u00e4ische Industrie!<\/p>\n","protected":false},"author":3,"featured_media":5247,"comment_status":"open","ping_status":"open","sticky":false,"template":"","format":"standard","meta":[],"categories":[7],"tags":[],"yoast_head":"<!-- This site is optimized with the Yoast SEO plugin v19.6.1 - https:\/\/yoast.com\/wordpress\/plugins\/seo\/ -->\n<title>6 Schritte f\u00fcr eine klimaneutrale europ\u00e4ische Industrie - Greens\/EFA<\/title>\n<meta name=\"robots\" content=\"noindex, follow\" \/>\n<meta property=\"og:locale\" content=\"en_GB\" \/>\n<meta property=\"og:type\" content=\"article\" \/>\n<meta property=\"og:title\" content=\"6 Schritte f\u00fcr eine klimaneutrale europ\u00e4ische Industrie - Greens\/EFA\" \/>\n<meta property=\"og:description\" content=\"Wir m\u00fcssen unsere Luft sauber und unseren Planeten k\u00fchl halten und eine wettbewerbsf\u00e4hige, widerstandsf\u00e4hige und nachhaltige Wirtschaft erreichen. Es ist Zeit f\u00fcr eine gr\u00fcne europ\u00e4ische Industrie!\" \/>\n<meta property=\"og:url\" content=\"https:\/\/www.greens-efa.eu\/dossier\/6-schritte-fur-eine-klimaneutrale-europaische-industrie\/\" \/>\n<meta property=\"og:site_name\" content=\"Greens\/EFA\" \/>\n<meta property=\"article:published_time\" content=\"2020-12-18T08:17:42+00:00\" \/>\n<meta property=\"article:modified_time\" content=\"2020-12-18T08:18:27+00:00\" \/>\n<meta property=\"og:image\" content=\"https:\/\/www.greens-efa.eu\/dossier\/wp-content\/uploads\/2020\/12\/gustavo-quepon-pF_2lrjWiJE-unsplash.jpg\" \/>\n\t<meta property=\"og:image:width\" content=\"1920\" \/>\n\t<meta property=\"og:image:height\" content=\"1440\" \/>\n\t<meta property=\"og:image:type\" content=\"image\/jpeg\" \/>\n<meta name=\"author\" content=\"jb\" \/>\n<meta name=\"twitter:card\" content=\"summary_large_image\" \/>\n<meta name=\"twitter:label1\" content=\"Written by\" \/>\n\t<meta name=\"twitter:data1\" content=\"jb\" \/>\n\t<meta name=\"twitter:label2\" content=\"Estimated reading time\" \/>\n\t<meta name=\"twitter:data2\" content=\"5 minutes\" \/>\n<script type=\"application\/ld+json\" class=\"yoast-schema-graph\">{\"@context\":\"https:\/\/schema.org\",\"@graph\":[{\"@type\":\"WebPage\",\"@id\":\"https:\/\/www.greens-efa.eu\/dossier\/6-schritte-fur-eine-klimaneutrale-europaische-industrie\/\",\"url\":\"https:\/\/www.greens-efa.eu\/dossier\/6-schritte-fur-eine-klimaneutrale-europaische-industrie\/\",\"name\":\"6 Schritte f\u00fcr eine klimaneutrale europ\u00e4ische Industrie - Greens\/EFA\",\"isPartOf\":{\"@id\":\"https:\/\/www.greens-efa.eu\/dossier\/#website\"},\"datePublished\":\"2020-12-18T08:17:42+00:00\",\"dateModified\":\"2020-12-18T08:18:27+00:00\",\"author\":{\"@id\":\"https:\/\/www.greens-efa.eu\/dossier\/#\/schema\/person\/d30cf8c5689472d3b7a4397ce0014671\"},\"breadcrumb\":{\"@id\":\"https:\/\/www.greens-efa.eu\/dossier\/6-schritte-fur-eine-klimaneutrale-europaische-industrie\/#breadcrumb\"},\"inLanguage\":\"en-GB\",\"potentialAction\":[{\"@type\":\"ReadAction\",\"target\":[\"https:\/\/www.greens-efa.eu\/dossier\/6-schritte-fur-eine-klimaneutrale-europaische-industrie\/\"]}]},{\"@type\":\"BreadcrumbList\",\"@id\":\"https:\/\/www.greens-efa.eu\/dossier\/6-schritte-fur-eine-klimaneutrale-europaische-industrie\/#breadcrumb\",\"itemListElement\":[{\"@type\":\"ListItem\",\"position\":1,\"name\":\"Home\",\"item\":\"https:\/\/www.greens-efa.eu\/dossier\/\"},{\"@type\":\"ListItem\",\"position\":2,\"name\":\"6 Schritte f\u00fcr eine klimaneutrale europ\u00e4ische Industrie\"}]},{\"@type\":\"WebSite\",\"@id\":\"https:\/\/www.greens-efa.eu\/dossier\/#website\",\"url\":\"https:\/\/www.greens-efa.eu\/dossier\/\",\"name\":\"Greens\/EFA\",\"description\":\"Greens\/EFA\",\"potentialAction\":[{\"@type\":\"SearchAction\",\"target\":{\"@type\":\"EntryPoint\",\"urlTemplate\":\"https:\/\/www.greens-efa.eu\/dossier\/?s={search_term_string}\"},\"query-input\":\"required name=search_term_string\"}],\"inLanguage\":\"en-GB\"},{\"@type\":\"Person\",\"@id\":\"https:\/\/www.greens-efa.eu\/dossier\/#\/schema\/person\/d30cf8c5689472d3b7a4397ce0014671\",\"name\":\"jb\",\"image\":{\"@type\":\"ImageObject\",\"inLanguage\":\"en-GB\",\"@id\":\"https:\/\/www.greens-efa.eu\/dossier\/#\/schema\/person\/image\/\",\"url\":\"https:\/\/secure.gravatar.com\/avatar\/11c24c71631ba3b50d1ceec13ccf1f34?s=96&d=mm&r=g\",\"contentUrl\":\"https:\/\/secure.gravatar.com\/avatar\/11c24c71631ba3b50d1ceec13ccf1f34?s=96&d=mm&r=g\",\"caption\":\"jb\"}}]}<\/script>\n<!-- \/ Yoast SEO plugin. -->","yoast_head_json":{"title":"6 Schritte f\u00fcr eine klimaneutrale europ\u00e4ische Industrie - Greens\/EFA","robots":{"index":"noindex","follow":"follow"},"og_locale":"en_GB","og_type":"article","og_title":"6 Schritte f\u00fcr eine klimaneutrale europ\u00e4ische Industrie - Greens\/EFA","og_description":"Wir m\u00fcssen unsere Luft sauber und unseren Planeten k\u00fchl halten und eine wettbewerbsf\u00e4hige, widerstandsf\u00e4hige und nachhaltige Wirtschaft erreichen. Es ist Zeit f\u00fcr eine gr\u00fcne europ\u00e4ische Industrie!","og_url":"https:\/\/www.greens-efa.eu\/dossier\/6-schritte-fur-eine-klimaneutrale-europaische-industrie\/","og_site_name":"Greens\/EFA","article_published_time":"2020-12-18T08:17:42+00:00","article_modified_time":"2020-12-18T08:18:27+00:00","og_image":[{"width":1920,"height":1440,"url":"https:\/\/www.greens-efa.eu\/dossier\/wp-content\/uploads\/2020\/12\/gustavo-quepon-pF_2lrjWiJE-unsplash.jpg","type":"image\/jpeg"}],"author":"jb","twitter_card":"summary_large_image","twitter_misc":{"Written by":"jb","Estimated reading time":"5 minutes"},"schema":{"@context":"https:\/\/schema.org","@graph":[{"@type":"WebPage","@id":"https:\/\/www.greens-efa.eu\/dossier\/6-schritte-fur-eine-klimaneutrale-europaische-industrie\/","url":"https:\/\/www.greens-efa.eu\/dossier\/6-schritte-fur-eine-klimaneutrale-europaische-industrie\/","name":"6 Schritte f\u00fcr eine klimaneutrale europ\u00e4ische Industrie - Greens\/EFA","isPartOf":{"@id":"https:\/\/www.greens-efa.eu\/dossier\/#website"},"datePublished":"2020-12-18T08:17:42+00:00","dateModified":"2020-12-18T08:18:27+00:00","author":{"@id":"https:\/\/www.greens-efa.eu\/dossier\/#\/schema\/person\/d30cf8c5689472d3b7a4397ce0014671"},"breadcrumb":{"@id":"https:\/\/www.greens-efa.eu\/dossier\/6-schritte-fur-eine-klimaneutrale-europaische-industrie\/#breadcrumb"},"inLanguage":"en-GB","potentialAction":[{"@type":"ReadAction","target":["https:\/\/www.greens-efa.eu\/dossier\/6-schritte-fur-eine-klimaneutrale-europaische-industrie\/"]}]},{"@type":"BreadcrumbList","@id":"https:\/\/www.greens-efa.eu\/dossier\/6-schritte-fur-eine-klimaneutrale-europaische-industrie\/#breadcrumb","itemListElement":[{"@type":"ListItem","position":1,"name":"Home","item":"https:\/\/www.greens-efa.eu\/dossier\/"},{"@type":"ListItem","position":2,"name":"6 Schritte f\u00fcr eine klimaneutrale europ\u00e4ische Industrie"}]},{"@type":"WebSite","@id":"https:\/\/www.greens-efa.eu\/dossier\/#website","url":"https:\/\/www.greens-efa.eu\/dossier\/","name":"Greens\/EFA","description":"Greens\/EFA","potentialAction":[{"@type":"SearchAction","target":{"@type":"EntryPoint","urlTemplate":"https:\/\/www.greens-efa.eu\/dossier\/?s={search_term_string}"},"query-input":"required name=search_term_string"}],"inLanguage":"en-GB"},{"@type":"Person","@id":"https:\/\/www.greens-efa.eu\/dossier\/#\/schema\/person\/d30cf8c5689472d3b7a4397ce0014671","name":"jb","image":{"@type":"ImageObject","inLanguage":"en-GB","@id":"https:\/\/www.greens-efa.eu\/dossier\/#\/schema\/person\/image\/","url":"https:\/\/secure.gravatar.com\/avatar\/11c24c71631ba3b50d1ceec13ccf1f34?s=96&d=mm&r=g","contentUrl":"https:\/\/secure.gravatar.com\/avatar\/11c24c71631ba3b50d1ceec13ccf1f34?s=96&d=mm&r=g","caption":"jb"}}]}},"_links":{"self":[{"href":"https:\/\/www.greens-efa.eu\/dossier\/wp-json\/wp\/v2\/posts\/5630"}],"collection":[{"href":"https:\/\/www.greens-efa.eu\/dossier\/wp-json\/wp\/v2\/posts"}],"about":[{"href":"https:\/\/www.greens-efa.eu\/dossier\/wp-json\/wp\/v2\/types\/post"}],"author":[{"embeddable":true,"href":"https:\/\/www.greens-efa.eu\/dossier\/wp-json\/wp\/v2\/users\/3"}],"replies":[{"embeddable":true,"href":"https:\/\/www.greens-efa.eu\/dossier\/wp-json\/wp\/v2\/comments?post=5630"}],"version-history":[{"count":8,"href":"https:\/\/www.greens-efa.eu\/dossier\/wp-json\/wp\/v2\/posts\/5630\/revisions"}],"predecessor-version":[{"id":5639,"href":"https:\/\/www.greens-efa.eu\/dossier\/wp-json\/wp\/v2\/posts\/5630\/revisions\/5639"}],"wp:featuredmedia":[{"embeddable":true,"href":"https:\/\/www.greens-efa.eu\/dossier\/wp-json\/wp\/v2\/media\/5247"}],"wp:attachment":[{"href":"https:\/\/www.greens-efa.eu\/dossier\/wp-json\/wp\/v2\/media?parent=5630"}],"wp:term":[{"taxonomy":"category","embeddable":true,"href":"https:\/\/www.greens-efa.eu\/dossier\/wp-json\/wp\/v2\/categories?post=5630"},{"taxonomy":"post_tag","embeddable":true,"href":"https:\/\/www.greens-efa.eu\/dossier\/wp-json\/wp\/v2\/tags?post=5630"}],"curies":[{"name":"wp","href":"https:\/\/api.w.org\/{rel}","templated":true}]}}