{"id":7297,"date":"2021-06-22T15:36:00","date_gmt":"2021-06-22T15:36:00","guid":{"rendered":"https:\/\/www.greens-efa.eu\/dossier\/?p=7297"},"modified":"2021-09-23T10:26:01","modified_gmt":"2021-09-23T10:26:01","slug":"the-new-european-climate-law-breaks-the-eus-paris-agreement-promises","status":"publish","type":"post","link":"https:\/\/www.greens-efa.eu\/dossier\/the-new-european-climate-law-breaks-the-eus-paris-agreement-promises\/","title":{"rendered":"The new European Climate Law breaks the EU\u2019s Paris Agreement promises"},"content":{"rendered":"<div class=\"gouter has-medium-font-size\" style=\"\"><div class=\"greens-content blk_core_paragraph\">\n<p class=\"has-medium-font-size\"><em><a href=\"https:\/\/www.greens-efa.eu\/dossier\/das-neue-europaische-klimagesetz-bricht-das-versprechen-der-eu-sich-an-das-pariser-abkommen-zu-halten\/\">Read this article in German<\/a><\/em><\/p>\n<\/div><\/div>\n\n<div style=\"height:30px; background:transparent; display:block;\" class=\"spacer\"><\/div>\n\n<div class=\"gouter \" style=\"\"><div class=\"greens-content blk_core_paragraph\">\n<p><em>23.06.2021<\/em><\/p>\n<\/div><\/div>\n\n<div class=\"gouter has-medium-font-size\" style=\"\"><div class=\"greens-content blk_core_paragraph\">\n<p class=\"has-medium-font-size\"><em>After long negotiations, the compromise climate target in the EU Climate Law amounts to a reduction of 52.8% in emissions which simply will not meet the goals of the Paris Climate Agreement. We need bold reduction targets to stop the climate crisis. There is no time to lose to slow down global warming significantly. We can\u2019t endorse a climate law that breaks all our climate promises, writes <strong><a rel=\"noreferrer noopener\" aria-label=\"Micha Bloss MEP (opens in a new tab)\" href=\"https:\/\/twitter.com\/micha_bloss\" target=\"_blank\">Micha Bloss, Greens\/EFA MEP<\/a><\/strong>  and Greens\/EFA negotiator on the European Climate Law.<\/em><\/p>\n<\/div><\/div>\n\n<div style=\"height:30px; background:transparent; display:block;\" class=\"spacer\"><\/div>\n\n<div class=\"gouter wp-block-image\" style=\"\"><div class=\"greens-content blk_core_image\">\n<div class=\"wp-block-image\"><figure class=\"aligncenter\"><img loading=\"lazy\" width=\"1024\" height=\"683\" src=\"https:\/\/www.greens-efa.eu\/dossier\/wp-content\/uploads\/2021\/06\/Fridays-for-Future-Berlin-2019-CC-BY-2.0-Jorg-Farys-WWF_web-1024x683.jpg\" alt=\"Fridays-for-Future-Berlin-2019-CC-BY-2.0-Jorg-Farys-WWF_web\" class=\"wp-image-7331\" srcset=\"https:\/\/www.greens-efa.eu\/dossier\/wp-content\/uploads\/2021\/06\/Fridays-for-Future-Berlin-2019-CC-BY-2.0-Jorg-Farys-WWF_web-1024x683.jpg 1024w, https:\/\/www.greens-efa.eu\/dossier\/wp-content\/uploads\/2021\/06\/Fridays-for-Future-Berlin-2019-CC-BY-2.0-Jorg-Farys-WWF_web-300x200.jpg 300w, https:\/\/www.greens-efa.eu\/dossier\/wp-content\/uploads\/2021\/06\/Fridays-for-Future-Berlin-2019-CC-BY-2.0-Jorg-Farys-WWF_web-768x512.jpg 768w, https:\/\/www.greens-efa.eu\/dossier\/wp-content\/uploads\/2021\/06\/Fridays-for-Future-Berlin-2019-CC-BY-2.0-Jorg-Farys-WWF_web.jpg 1200w\" sizes=\"(max-width: 706px) 89vw, (max-width: 767px) 82vw, 740px\" \/><figcaption>Fridays for Future Berlin 2019 CC-BY-2.0-Jorg-Farys-WWF<\/figcaption><\/figure><\/div>\n<\/div><\/div>\n\n<div class=\"gouter has-medium-font-size\" style=\"\"><div class=\"greens-content blk_core_paragraph\">\n<p class=\"has-medium-font-size\">The\nGreens\/EFA Group has been leading the call for an EU-wide law for the climate.\nWe wanted a law that would put into legislation the tools and <a href=\"https:\/\/www.ipcc.ch\/sr15\/\">the <\/a><a href=\"https:\/\/www.ipcc.ch\/sr15\/\">goals<\/a><a href=\"https:\/\/www.ipcc.ch\/sr15\/\"> we need to <\/a><a href=\"https:\/\/www.ipcc.ch\/sr15\/\">implement<\/a><a href=\"https:\/\/www.ipcc.ch\/sr15\/\"> the Paris Climate\nAgreement<\/a>. Thousands of activists have been mobilised. Young people\nhave been protesting on the streets. NGOs and climate scientists have issued\nurgent warnings about heat waves, droughts, floods, forest fires, water\nshortages and species loss. We have been the loudest voice in the European\nParliament calling for a consistent reduction in emissions. We wanted a law to\nback us up.<\/p>\n<\/div><\/div>\n\n<div class=\"gouter has-medium-font-size\" style=\"\"><div class=\"greens-content blk_core_paragraph\">\n<p class=\"has-medium-font-size\">After\nmonths of negotiations, I\u2019m sad to say that the European Climate Law is simply\nnot enough to limit global temperature rise to 2\u00b0C, let alone the 1.5\u00b0C that\nclimate scientists say we need to achieve. Watered down by the fossil fuel\nlobby and EU governments, this climate law is not aligned with science or with\nthe goals of the Paris Climate Agreement. What\u2019s on the table now are\nhalf-measures and broken promises. <\/p>\n<\/div><\/div>\n\n<div class=\"gouter has-text-color has-green-4-color\" style=\"\"><div class=\"greens-content blk_core_paragraph\">\n<p style=\"font-size:27px;text-align:center\" class=\"has-text-color has-green-4-color\">\ud83d\udc47<strong>LATEST INFO &#8211; LISTEN TO OUR PODSCAST<\/strong>\ud83d\udc47<\/p>\n<\/div><\/div>\n\n<div class=\"gouter has-medium-font-size\" style=\"\"><div class=\"greens-content blk_core_paragraph\">\n<p class=\"has-medium-font-size\"><em>The EU should be leading the world in climate protection ahead of the most crucial climate summit of the decade: the COP26 in Glasgow.<\/em><br><\/p>\n<\/div><\/div>\n\n<div class=\"gouter has-medium-font-size\" style=\"\"><div class=\"greens-content blk_core_paragraph\">\n<p class=\"has-medium-font-size\"><em>In this podcast, scientists, politicians and activists tell us more about the new European Climate Law. Is Europe\u2019s climate action enough to avoid climate catastrophe?<\/em><\/p>\n<\/div><\/div>\n\n<div style=\"height:30px; background:transparent; display:block;\" class=\"spacer\"><\/div>\n\n<div class=\"gouter \" style=\"\"><div class=\"greens-content blk_core_html\">\n<center><iframe loading=\"lazy\" width=\"60%\" height=\"300\" scrolling=\"no\" frameborder=\"no\" allow=\"autoplay\" src=\"https:\/\/w.soundcloud.com\/player\/?url=https%3A\/\/api.soundcloud.com\/tracks\/1074237013&#038;color=%232c7464&#038;auto_play=false&#038;hide_related=false&#038;show_comments=true&#038;show_user=true&#038;show_reposts=false&#038;show_teaser=true&#038;visual=true\"><\/iframe><\/center><div style=\"font-size: 10px; color: #cccccc;line-break: anywhere;word-break: normal;overflow: hidden;white-space: nowrap;text-overflow: ellipsis; font-family: Interstate,Lucida Grande,Lucida Sans Unicode,Lucida Sans,Garuda,Verdana,Tahoma,sans-serif;font-weight: 100;\"><a href=\"https:\/\/soundcloud.com\/greens-efa\" title=\"The Greens\/EFA in the European Parliament\" target=\"_blank\" style=\"color: #cccccc; text-decoration: none;\" rel=\"noopener noreferrer\">The Greens\/EFA in the European Parliament<\/a> \u00b7 <a href=\"https:\/\/soundcloud.com\/greens-efa\/the-future-is-green-podcast\" title=\"The Future is Green Podcast\" target=\"_blank\" style=\"color: #cccccc; text-decoration: none;\" rel=\"noopener noreferrer\">The Future is Green Podcast<\/a><\/div>\n<\/div><\/div>\n\n<div style=\"height:30px; background:transparent; display:block;\" class=\"spacer\"><\/div>\n\n<div class=\"gouter has-text-color has-green-4-color\" style=\"\"><div class=\"greens-content blk_core_paragraph\">\n<p style=\"font-size:27px\" class=\"has-text-color has-green-4-color\"><strong>Begin at the beginning, please: what is the EU\nClimate Law?<\/strong><\/p>\n<\/div><\/div>\n\n<div class=\"gouter has-medium-font-size\" style=\"\"><div class=\"greens-content blk_core_paragraph\">\n<p class=\"has-medium-font-size\">In the\nspring of 2019, millions of Europeans heard <a href=\"https:\/\/twitter.com\/GretaThunberg\">Greta\nThunberg<\/a>\u2019s call and marched on the streets demanding real climate\naction. In the European Parliamentary election, a Green wave swept across Europe.\nDecision-makers were forced to pull their heads out of the sand and propose a\ndedicated law to address the climate crisis. <\/p>\n<\/div><\/div>\n\n<div class=\"gouter has-medium-font-size\" style=\"\"><div class=\"greens-content blk_core_paragraph\">\n<p class=\"has-medium-font-size\">Under pressure\nfrom the Greens\/EFA and mass public outcry, a European Climate Law was put on\nthe European Union\u2019s agenda. The aim was to enshrine the 2050\nclimate-neutrality goals into European law. It would form a legal basis for\nclimate action. To put it simply, once the law passes, the climate law requires\nall other EU laws to change and be in line with the targets. This means that,\nindirectly, it will force binding legal changes that all European countries\nwill need to follow.<\/p>\n<\/div><\/div>\n\n<div class=\"gouter wp-block-separator\" style=\"\"><div class=\"greens-content blk_core_separator\">\n<hr class=\"wp-block-separator\"\/>\n<\/div><\/div>\n\n<div style=\"height:30px; background:transparent; display:block;\" class=\"spacer\"><\/div>\n\n<div data-cont>\n\t\t\t\t\t<div class=\"sq ce  ce-img-left\" style=\"\">\n\t\t\t\t\t\t<div data-adders=\"0.6;do\" class=\"img ani-slide-right\" style=\"background-image: url(https:\/\/www.greens-efa.eu\/dossier\/wp-content\/uploads\/2021\/06\/vote_for_climate_photo_action_web.jpg);background-size:cover;\"><\/div>\n\t\t\t\t\t\t<div data-adders=\"0.6;do\" class=\"pr ani-slide-left\"><div class=\"txt tl z8 fs-subline \"><u>Timeline of the EU\u2019s Climate Law<\/u><\/div><\/div>\n\t\t\t\t\t<\/div>\n\t\t\t\t<\/div>\n\n<div style=\"height:30px; background:transparent; display:block;\" class=\"spacer\"><\/div>\n\n<div class=\"gouter gouter has-medium-font-size\" style=\"\"><div class=\"greens-content blk_core_block\"><div class=\"gouter has-medium-font-size\" style=\"\"><div class=\"greens-content blk_core_list\">\n<ul class=\"has-medium-font-size\"><li><strong>September 2019<\/strong>: after a year of rising public protest, millions of people join a wave of <a href=\"https:\/\/www.theguardian.com\/environment\/2019\/sep\/27\/climate-crisis-6-million-people-join-latest-wave-of-worldwide-protests\">global climate strikes<\/a> <\/li><li><strong>November 2019<\/strong>: the <a href=\"https:\/\/www.europarl.europa.eu\/news\/en\/press-room\/20191121IPR67110\/the-european-parliament-declares-climate-emergency\">European Parliament declares<\/a> a climate emergency<\/li><li><strong>December 2019:<\/strong> the European Commission presents its <a href=\"https:\/\/ec.europa.eu\/info\/strategy\/priorities-2019-2024\/european-green-deal_en\">European Green Deal<\/a>, which includes plans for a EU Climate Law<\/li><li><strong>March 2020<\/strong>: the European Commission proposes a draft EU Climate Law. <\/li><li><strong>October 2020<\/strong>:&nbsp; the Greens\/EFA persuade the European Parliament <a href=\"https:\/\/www.europarl.europa.eu\/news\/en\/press-room\/20201002IPR88431\/eu-climate-law-meps-want-to-increase-2030-emissions-reduction-target-to-60\">to adopt an ambitious position<\/a> on the EU Climate Law. We secure support for a greenhouse gas budget, an <a href=\"https:\/\/www.greens-efa.eu\/dossier\/the-case-for-a-european-climate-change-council\/\">independent climate council<\/a> and a game-changing <a href=\"https:\/\/www.greens-efa.eu\/dossier\/the-european-climate-targets-by-2030\/\">60% emission reduction target<\/a>.<\/li><li><strong>December 2020<\/strong>: European Heads of State settle on a lower net 55% emissions reduction target.<\/li><li><strong>May 2020<\/strong>: after months of negotiations, the European Parliament and the European Council <a href=\"https:\/\/www.europarl.europa.eu\/doceo\/document\/TA-9-2019-0078_EN.html\">reach an agreement<\/a><\/li><li><strong>June 2020:<\/strong> the European Parliament votes on the European Climate Law deal<\/li><li><strong>Today:<\/strong> Fighting the climate crisis is more urgent than ever before<\/li><\/ul>\n<\/div><\/div><\/div><\/div>\n\n<div class=\"gouter wp-block-separator\" style=\"\"><div class=\"greens-content blk_core_separator\">\n<hr class=\"wp-block-separator\"\/>\n<\/div><\/div>\n\n<div style=\"height:30px; background:transparent; display:block;\" class=\"spacer\"><\/div>\n\n<div class=\"gouter has-text-color has-green-4-color\" style=\"\"><div class=\"greens-content blk_core_paragraph\">\n<p style=\"font-size:27px\" class=\"has-text-color has-green-4-color\"><strong>What went wrong? Why won\u2019t the EU Climate Law\nbe enough to stop climate breakdown?<\/strong><\/p>\n<\/div><\/div>\n\n<div class=\"gouter has-medium-font-size\" style=\"\"><div class=\"greens-content blk_core_paragraph\">\n<p class=\"has-medium-font-size\">While we\nwere successfully building support for more climate ambition inside the\nEuropean Parliament, EU governments, and especially those with a strong fossil\nfuel lobby, were entering panic mode. They <a href=\"https:\/\/corporateeurope.org\/en\/2020\/07\/disclosed-intense-fossil-industry-lobby-undermines-eu-green-deal\">had already watered down elements of the Green New Deal<\/a>\njust a few months earlier. <\/p>\n<\/div><\/div>\n\n<div class=\"gouter has-medium-font-size\" style=\"\"><div class=\"greens-content blk_core_paragraph\">\n<p class=\"has-medium-font-size\">They used\nthe same old arguments: \u201cambitious climate protection policies aren\u2019t feasible\u201d\nand \u201cclimate action could hurt the economy\u201d. We\u2019ve heard these arguments for\ndecades, but the experts say they are wrong. A recent study proved that a green\neconomy <a href=\"http:\/\/extranet.greens-efa-service.eu\/public\/media\/file\/1\/6802\">could create one million new jobs<\/a> all over\nEurope. Ambitious emissions reduction targets actually boost economic growth\nbecause of investments in the energy sector. <\/p>\n<\/div><\/div>\n\n<div class=\"gouter has-medium-font-size\" style=\"\"><div class=\"greens-content blk_core_paragraph\">\n<p class=\"has-medium-font-size\">Still,\ngovernment ministers in the European Council started searching for excuses, not\nfor solutions. They settled on a <em>net 55%<\/em>\nemissions reduction target. The word \u201cnet\u201d<a href=\"https:\/\/www.ceps.eu\/a-2030-emissions-target-of-net-55-means-tough-decisions-on-the-bioeconomy-can-no-longer-wait\/\"> <\/a><a href=\"https:\/\/www.ceps.eu\/a-2030-emissions-target-of-net-55-means-tough-decisions-on-the-bioeconomy-can-no-longer-wait\/\">opens a legal loophole<\/a> that reduces this\ntarget even further when taking into account \u2018carbon sinks\u2019. In practice, this\nmeans that countries will only have to reach 52.8% of real reductions. The rest\nis carbon that is already stored in the ecosystem &#8211; in forests or wetlands, for\nexample &#8211; without any positive effects on reducing carbon from the\natmosphere.&nbsp; <\/p>\n<\/div><\/div>\n\n<div class=\"gouter has-medium-font-size\" style=\"\"><div class=\"greens-content blk_core_paragraph\">\n<p class=\"has-medium-font-size\">A target of\nnet -55% will lead to global warming way above 2\u00b0C by the year 2050. For a law\nthat purports to be for climate action &#8211; and for us in the Greens\/EFA Group &#8211;\nthis is simply unacceptable. For comparison, a 65% emissions reduction target (<a href=\"https:\/\/www.greens-efa.eu\/dossier\/climate-law\/\">like\nthe one we have been arguing for<\/a>) gives us a two thirds chance to\nkeep global warming at 1.5\u00b0C in the same timeframe.<\/p>\n<\/div><\/div>\n\n<div style=\"height:30px; background:transparent; display:block;\" class=\"spacer\"><\/div>\n\n<div class=\"gouter wp-block-image\" style=\"\"><div class=\"greens-content blk_core_image\">\n<div class=\"wp-block-image\"><figure class=\"aligncenter\"><img loading=\"lazy\" width=\"1000\" height=\"1000\" src=\"https:\/\/www.greens-efa.eu\/dossier\/wp-content\/uploads\/2021\/06\/save_the_green_deal_graphic_web.jpg\" alt=\"Save the Green Deal Graphic\" class=\"wp-image-7302\" srcset=\"https:\/\/www.greens-efa.eu\/dossier\/wp-content\/uploads\/2021\/06\/save_the_green_deal_graphic_web.jpg 1000w, https:\/\/www.greens-efa.eu\/dossier\/wp-content\/uploads\/2021\/06\/save_the_green_deal_graphic_web-150x150.jpg 150w, https:\/\/www.greens-efa.eu\/dossier\/wp-content\/uploads\/2021\/06\/save_the_green_deal_graphic_web-300x300.jpg 300w, https:\/\/www.greens-efa.eu\/dossier\/wp-content\/uploads\/2021\/06\/save_the_green_deal_graphic_web-768x768.jpg 768w, https:\/\/www.greens-efa.eu\/dossier\/wp-content\/uploads\/2021\/06\/save_the_green_deal_graphic_web-100x100.jpg 100w\" sizes=\"(max-width: 706px) 89vw, (max-width: 767px) 82vw, 740px\" \/><figcaption>Save the Green Deal Graphic<\/figcaption><\/figure><\/div>\n<\/div><\/div>\n\n<div class=\"gouter has-medium-font-size\" style=\"\"><div class=\"greens-content blk_core_paragraph\">\n<p class=\"has-medium-font-size\">It\u2019s much\nlower than the 60% target the European Parliament wanted, and it\u2019s a far cry\nfrom fulfilling the Paris Climate Agreement promises. Even the German\nConstitutional court said that <a href=\"https:\/\/www.politico.eu\/article\/germany-climate-change-law-court-rules-partly-unconstitutional\/\">it was a constitutional duty<\/a> to stick to the\nParis Agreement temperature targets. Courts in the Netherlands, Belgium and\nFrance have followed suit.<\/p>\n<\/div><\/div>\n\n<div class=\"gouter has-medium-font-size\" style=\"\"><div class=\"greens-content blk_core_paragraph\">\n<p class=\"has-medium-font-size\">Despite the\nEuropean Parliament\u2019s valiant attempts to find a compromise during the\nremaining negotiations, EU governments didn\u2019t move an inch from the net -55%\nposition.&nbsp; Eventually, with US President\nJoe Biden\u2019s Climate Summit fast approaching, some negotiators wanted <strong>a quick deal rather than a good one<\/strong>.\nVery few elements of the European Parliament\u2019s aspirational position made it\ninto the final agreement on the EU Climate Law. <\/p>\n<\/div><\/div>\n\n<div class=\"gouter has-text-color has-green-4-color\" style=\"\"><div class=\"greens-content blk_core_paragraph\">\n<p style=\"font-size:27px\" class=\"has-text-color has-green-4-color\"><strong>So, what do the Greens\/EFA think about the\nfinal EU Climate Law deal?<\/strong><\/p>\n<\/div><\/div>\n\n<div class=\"gouter has-medium-font-size\" style=\"\"><div class=\"greens-content blk_core_paragraph\">\n<p class=\"has-medium-font-size\">Dressing\nthis law up as a victory for the climate is disingenuous. This EU Climate Law\nis too weak to stop the climate crisis. It&#8217;s simply not enough. Pretending\notherwise would be counter to our values, misleading to our electorate, unfair\nto all the climate activists who have thrown themselves into this fight and a\nbetrayal to all future generations. <\/p>\n<\/div><\/div>\n\n<div class=\"gouter has-medium-font-size\" style=\"\"><div class=\"greens-content blk_core_paragraph\">\n<p class=\"has-medium-font-size\">It\u2019s not\njust us who disagree with it. The European Climate Law deal has been roundly <a href=\"https:\/\/www.theguardian.com\/environment\/2021\/apr\/21\/new-eu-target-to-cut-carbon-emissions-by-at-least-55-disappoints-experts\">criticised by climate experts<\/a> and\nenvironmental groups, who have called it \u201crushed\u201d, \u201ca farce\u201d and \u201cnot in line\nwith the Paris Agreement\u2019s ambition\u201d. We\u2019re serious when we say we have to\nstart listening to climate scientists. We won\u2019t ignore their voices.<\/p>\n<\/div><\/div>\n\n<div class=\"gouter has-medium-font-size\" style=\"\"><div class=\"greens-content blk_core_paragraph\">\n<p class=\"has-medium-font-size\">We are\nstill proud that the Greens\/EFA were instrumental\nin getting the first-ever European climate law. The creation of an EU\nindependent climate scientific board and the promise of an EU greenhouse gas\nbudget for after 2030 were two of our key demands, and we welcome their\nadoption as part of the final package. It will serve to reinforce the role of\nscience in future debates about EU climate action and targets. <\/p>\n<\/div><\/div>\n\n<div style=\"height:30px; background:transparent; display:block;\" class=\"spacer\"><\/div>\n\n<div class=\"gouter wp-block-image\" style=\"\"><div class=\"greens-content blk_core_image\">\n<div class=\"wp-block-image\"><figure class=\"aligncenter\"><img loading=\"lazy\" width=\"1024\" height=\"683\" src=\"https:\/\/www.greens-efa.eu\/dossier\/wp-content\/uploads\/2021\/06\/micha_bloss_web2-1024x683.jpg\" alt=\"MEP Michael Bloss\" class=\"wp-image-7301\" srcset=\"https:\/\/www.greens-efa.eu\/dossier\/wp-content\/uploads\/2021\/06\/micha_bloss_web2-1024x683.jpg 1024w, https:\/\/www.greens-efa.eu\/dossier\/wp-content\/uploads\/2021\/06\/micha_bloss_web2-300x200.jpg 300w, https:\/\/www.greens-efa.eu\/dossier\/wp-content\/uploads\/2021\/06\/micha_bloss_web2-768x512.jpg 768w, https:\/\/www.greens-efa.eu\/dossier\/wp-content\/uploads\/2021\/06\/micha_bloss_web2.jpg 1200w\" sizes=\"(max-width: 706px) 89vw, (max-width: 767px) 82vw, 740px\" \/><figcaption>MEP Michael Bloss<\/figcaption><\/figure><\/div>\n<\/div><\/div>\n\n<div class=\"gouter has-text-color has-green-4-color\" style=\"\"><div class=\"greens-content blk_core_paragraph\">\n<p style=\"font-size:27px\" class=\"has-text-color has-green-4-color\"><strong>Is climate activism finished now? What else can we do\nto fix the climate?<\/strong><\/p>\n<\/div><\/div>\n\n<div class=\"gouter has-medium-font-size\" style=\"\"><div class=\"greens-content blk_core_paragraph\">\n<p class=\"has-medium-font-size\">The EU\nClimate Law vote is a setback, but now is not the time to lose hope. What this\nshows us is that we can\u2019t be complacent. We have to use elections to change the\npolitical landscape and put people in power who will make climate policy that\nis compatible with the Paris Agreement. Again and again, conservatives fail to\ntake ambitious steps towards climate neutrality. We need to set them straight.<\/p>\n<\/div><\/div>\n\n<div class=\"gouter has-medium-font-size\" style=\"\"><div class=\"greens-content blk_core_paragraph\">\n<p class=\"has-medium-font-size\">Meanwhile,\nother climate policies are being discussed under the umbrella of the European\nGreen Deal. The <a href=\"https:\/\/www.europarl.europa.eu\/legislative-train\/theme-a-european-green-deal\/package-fit-for-55\">\u201cFit for 2030\u201d climate package<\/a>, a set of\nclimate policies that will be proposed by the European Commission in July, will\n<strong>still be an<\/strong> <strong>opportunity for Europe to become a climate champion. <\/strong>Policies like\na combustion engine ban from 2030, the taxing of jet fuel and setting <a href=\"https:\/\/www.greens-efa.eu\/en\/article\/document\/towards-an-ets-that-works-for-climate-and-the-transformation-of-industry\">a higher carbon floor price<\/a> in the EU\u2019s\nEmission Trading System could really define the substance of the European Green\nDeal. <\/p>\n<\/div><\/div>\n\n<div class=\"gouter has-medium-font-size\" style=\"\"><div class=\"greens-content blk_core_paragraph\">\n<p class=\"has-medium-font-size\">In\nNovember, Glasgow is hosting the most important climate summit of the decade: <a href=\"https:\/\/ukcop26.org\/\">the COP26<\/a>.\nWe will be there, as always, fighting for a fully renewables-based economy by\n2040, for keeping fossil fuels in the ground and for the complete\ntransformation of our industrial, transport, and agricultural systems. We fight\nfor social justice, for a green economy to provide quality jobs for workers and\nfor a just transition that leaves no-one behind. <\/p>\n<\/div><\/div>\n\n<div class=\"gouter has-text-color has-greens-orange-color\" style=\"\"><div class=\"greens-content blk_core_paragraph\">\n<p style=\"font-size:27px;text-align:center\" class=\"has-text-color has-greens-orange-color\"><strong>There is still time to save the European Green Deal. <\/strong><\/p>\n<\/div><\/div>\n\n<div class=\"gouter has-text-color has-greens-magenta-color\" style=\"\"><div class=\"greens-content blk_core_paragraph\">\n<p style=\"font-size:27px;text-align:center\" class=\"has-text-color has-greens-magenta-color\"><strong>We need your voice to fight for ambitious EU climate legislation! <\/strong><\/p>\n<\/div><\/div>\n\n<div class=\"gouter \" style=\"\"><div class=\"greens-content blk_core_paragraph\">\n<p style=\"font-size:27px;text-align:center\">\ud83d\udc49<a href=\"https:\/\/www.greens-efa.eu\/en\/Climate-Law\"><strong>JOIN OUR FIGHT TO SAVE THE CLIMATE &#8211; VISIT OUR CAMPAIGN PAGE HERE<\/strong><\/a>\ud83d\udc48<\/p>\n<\/div><\/div>\n\n<div style=\"height:30px; background:transparent; display:block;\" class=\"spacer\"><\/div>\n\n<div class=\"gouter has-text-color has-green-4-color\" style=\"\"><div class=\"greens-content blk_core_paragraph\">\n<p style=\"font-size:27px;text-align:center\" class=\"has-text-color has-green-4-color\"><strong>Author<\/strong><\/p>\n<\/div><\/div>\n\n<div style=\"height:30px; background:transparent; display:block;\" class=\"spacer\"><\/div>\n\n<div class=\"gouter wp-block-image\" style=\"\"><div class=\"greens-content blk_core_image\">\n<div class=\"wp-block-image\"><figure class=\"aligncenter\"><img loading=\"lazy\" width=\"300\" height=\"300\" src=\"https:\/\/www.greens-efa.eu\/dossier\/wp-content\/uploads\/2021\/06\/micha_bloss_square_web-300x300.jpg\" alt=\"MEP Michael Bloss\" class=\"wp-image-7299\" srcset=\"https:\/\/www.greens-efa.eu\/dossier\/wp-content\/uploads\/2021\/06\/micha_bloss_square_web-300x300.jpg 300w, https:\/\/www.greens-efa.eu\/dossier\/wp-content\/uploads\/2021\/06\/micha_bloss_square_web-150x150.jpg 150w, https:\/\/www.greens-efa.eu\/dossier\/wp-content\/uploads\/2021\/06\/micha_bloss_square_web-768x768.jpg 768w, https:\/\/www.greens-efa.eu\/dossier\/wp-content\/uploads\/2021\/06\/micha_bloss_square_web-100x100.jpg 100w, https:\/\/www.greens-efa.eu\/dossier\/wp-content\/uploads\/2021\/06\/micha_bloss_square_web.jpg 1000w\" sizes=\"(max-width: 300px) 100vw, 300px\" \/><figcaption>MEP Michael Bloss<\/figcaption><\/figure><\/div>\n<\/div><\/div>\n\n<div style=\"height:30px; background:transparent; display:block;\" class=\"spacer\"><\/div>\n\n<div class=\"gouter \" style=\"\"><div class=\"greens-content blk_core_html\">\n<link href=\"https:\/\/actionnetwork.org\/css\/style-embed-whitelabel-v3.css\" rel=\"stylesheet\" type=\"text\/css\"><script src=\"https:\/\/actionnetwork.org\/widgets\/v4\/form\/sign-up-for-more-information-on-our-climate-campaign?format=js&amp;source=widget\"><\/script><div id=\"can-form-area-sign-up-for-more-information-on-our-climate-campaign\" style=\"width: 100%\"><!-- this div is the target for our HTML insertion --><\/div>\n<\/div><\/div>\n\n<div style=\"height:30px; background:transparent; display:block;\" class=\"spacer\"><\/div>\n\n<div class=\"gouter has-medium-font-size\" style=\"\"><div class=\"greens-content blk_core_paragraph\">\n<p class=\"has-medium-font-size\"><strong>More information:<br>G\u00e1bor V\u00e1g\u00f3<\/strong> &#8211; Climate Campaigner<br><a href=\"mailto:gabor.vago@ep.europa.eu\">gabor.vago@ep.europa.eu<\/a> <br><\/p>\n<\/div><\/div>","protected":false},"excerpt":{"rendered":"<p>The compromise climate target in the EU Climate Law will not meet the goals of the Paris Climate Agreement. We can\u2019t endorse a climate law that breaks all our climate promises, writes Micha Bloss MEP, Greens\/EFA negotiator on the European Climate Law.<\/p>\n","protected":false},"author":3,"featured_media":7331,"comment_status":"open","ping_status":"open","sticky":false,"template":"","format":"standard","meta":[],"categories":[1],"tags":[],"yoast_head":"<!-- This site is optimized with the Yoast SEO plugin v19.6.1 - https:\/\/yoast.com\/wordpress\/plugins\/seo\/ -->\n<title>The new European Climate Law breaks the EU\u2019s Paris Agreement promises - Greens\/EFA<\/title>\n<meta name=\"robots\" content=\"noindex, follow\" \/>\n<meta property=\"og:locale\" content=\"en_GB\" \/>\n<meta property=\"og:type\" content=\"article\" \/>\n<meta property=\"og:title\" content=\"The new European Climate Law breaks the EU\u2019s Paris Agreement promises - Greens\/EFA\" \/>\n<meta property=\"og:description\" content=\"The compromise climate target in the EU Climate Law will not meet the goals of the Paris Climate Agreement. We can\u2019t endorse a climate law that breaks all our climate promises, writes Micha Bloss MEP, Greens\/EFA negotiator on the European Climate Law.\" \/>\n<meta property=\"og:url\" content=\"https:\/\/www.greens-efa.eu\/dossier\/the-new-european-climate-law-breaks-the-eus-paris-agreement-promises\/\" \/>\n<meta property=\"og:site_name\" content=\"Greens\/EFA\" \/>\n<meta property=\"article:published_time\" content=\"2021-06-22T15:36:00+00:00\" \/>\n<meta property=\"article:modified_time\" content=\"2021-09-23T10:26:01+00:00\" \/>\n<meta property=\"og:image\" content=\"https:\/\/www.greens-efa.eu\/dossier\/wp-content\/uploads\/2021\/06\/Fridays-for-Future-Berlin-2019-CC-BY-2.0-Jorg-Farys-WWF_web.jpg\" \/>\n\t<meta property=\"og:image:width\" content=\"1200\" \/>\n\t<meta property=\"og:image:height\" content=\"800\" \/>\n\t<meta property=\"og:image:type\" content=\"image\/jpeg\" \/>\n<meta name=\"author\" content=\"jb\" \/>\n<meta name=\"twitter:card\" content=\"summary_large_image\" \/>\n<meta name=\"twitter:label1\" content=\"Written by\" \/>\n\t<meta name=\"twitter:data1\" content=\"jb\" \/>\n\t<meta name=\"twitter:label2\" content=\"Estimated reading time\" \/>\n\t<meta name=\"twitter:data2\" content=\"7 minutes\" \/>\n<script type=\"application\/ld+json\" class=\"yoast-schema-graph\">{\"@context\":\"https:\/\/schema.org\",\"@graph\":[{\"@type\":\"WebPage\",\"@id\":\"https:\/\/www.greens-efa.eu\/dossier\/the-new-european-climate-law-breaks-the-eus-paris-agreement-promises\/\",\"url\":\"https:\/\/www.greens-efa.eu\/dossier\/the-new-european-climate-law-breaks-the-eus-paris-agreement-promises\/\",\"name\":\"The new European Climate Law breaks the EU\u2019s Paris Agreement promises - Greens\/EFA\",\"isPartOf\":{\"@id\":\"https:\/\/www.greens-efa.eu\/dossier\/#website\"},\"datePublished\":\"2021-06-22T15:36:00+00:00\",\"dateModified\":\"2021-09-23T10:26:01+00:00\",\"author\":{\"@id\":\"https:\/\/www.greens-efa.eu\/dossier\/#\/schema\/person\/d30cf8c5689472d3b7a4397ce0014671\"},\"breadcrumb\":{\"@id\":\"https:\/\/www.greens-efa.eu\/dossier\/the-new-european-climate-law-breaks-the-eus-paris-agreement-promises\/#breadcrumb\"},\"inLanguage\":\"en-GB\",\"potentialAction\":[{\"@type\":\"ReadAction\",\"target\":[\"https:\/\/www.greens-efa.eu\/dossier\/the-new-european-climate-law-breaks-the-eus-paris-agreement-promises\/\"]}]},{\"@type\":\"BreadcrumbList\",\"@id\":\"https:\/\/www.greens-efa.eu\/dossier\/the-new-european-climate-law-breaks-the-eus-paris-agreement-promises\/#breadcrumb\",\"itemListElement\":[{\"@type\":\"ListItem\",\"position\":1,\"name\":\"Home\",\"item\":\"https:\/\/www.greens-efa.eu\/dossier\/\"},{\"@type\":\"ListItem\",\"position\":2,\"name\":\"The new European Climate Law breaks the EU\u2019s Paris Agreement promises\"}]},{\"@type\":\"WebSite\",\"@id\":\"https:\/\/www.greens-efa.eu\/dossier\/#website\",\"url\":\"https:\/\/www.greens-efa.eu\/dossier\/\",\"name\":\"Greens\/EFA\",\"description\":\"Greens\/EFA\",\"potentialAction\":[{\"@type\":\"SearchAction\",\"target\":{\"@type\":\"EntryPoint\",\"urlTemplate\":\"https:\/\/www.greens-efa.eu\/dossier\/?s={search_term_string}\"},\"query-input\":\"required name=search_term_string\"}],\"inLanguage\":\"en-GB\"},{\"@type\":\"Person\",\"@id\":\"https:\/\/www.greens-efa.eu\/dossier\/#\/schema\/person\/d30cf8c5689472d3b7a4397ce0014671\",\"name\":\"jb\",\"image\":{\"@type\":\"ImageObject\",\"inLanguage\":\"en-GB\",\"@id\":\"https:\/\/www.greens-efa.eu\/dossier\/#\/schema\/person\/image\/\",\"url\":\"https:\/\/secure.gravatar.com\/avatar\/11c24c71631ba3b50d1ceec13ccf1f34?s=96&d=mm&r=g\",\"contentUrl\":\"https:\/\/secure.gravatar.com\/avatar\/11c24c71631ba3b50d1ceec13ccf1f34?s=96&d=mm&r=g\",\"caption\":\"jb\"}}]}<\/script>\n<!-- \/ Yoast SEO plugin. -->","yoast_head_json":{"title":"The new European Climate Law breaks the EU\u2019s Paris Agreement promises - Greens\/EFA","robots":{"index":"noindex","follow":"follow"},"og_locale":"en_GB","og_type":"article","og_title":"The new European Climate Law breaks the EU\u2019s Paris Agreement promises - Greens\/EFA","og_description":"The compromise climate target in the EU Climate Law will not meet the goals of the Paris Climate Agreement. We can\u2019t endorse a climate law that breaks all our climate promises, writes Micha Bloss MEP, Greens\/EFA negotiator on the European Climate Law.","og_url":"https:\/\/www.greens-efa.eu\/dossier\/the-new-european-climate-law-breaks-the-eus-paris-agreement-promises\/","og_site_name":"Greens\/EFA","article_published_time":"2021-06-22T15:36:00+00:00","article_modified_time":"2021-09-23T10:26:01+00:00","og_image":[{"width":1200,"height":800,"url":"https:\/\/www.greens-efa.eu\/dossier\/wp-content\/uploads\/2021\/06\/Fridays-for-Future-Berlin-2019-CC-BY-2.0-Jorg-Farys-WWF_web.jpg","type":"image\/jpeg"}],"author":"jb","twitter_card":"summary_large_image","twitter_misc":{"Written by":"jb","Estimated reading time":"7 minutes"},"schema":{"@context":"https:\/\/schema.org","@graph":[{"@type":"WebPage","@id":"https:\/\/www.greens-efa.eu\/dossier\/the-new-european-climate-law-breaks-the-eus-paris-agreement-promises\/","url":"https:\/\/www.greens-efa.eu\/dossier\/the-new-european-climate-law-breaks-the-eus-paris-agreement-promises\/","name":"The new European Climate Law breaks the EU\u2019s Paris Agreement promises - Greens\/EFA","isPartOf":{"@id":"https:\/\/www.greens-efa.eu\/dossier\/#website"},"datePublished":"2021-06-22T15:36:00+00:00","dateModified":"2021-09-23T10:26:01+00:00","author":{"@id":"https:\/\/www.greens-efa.eu\/dossier\/#\/schema\/person\/d30cf8c5689472d3b7a4397ce0014671"},"breadcrumb":{"@id":"https:\/\/www.greens-efa.eu\/dossier\/the-new-european-climate-law-breaks-the-eus-paris-agreement-promises\/#breadcrumb"},"inLanguage":"en-GB","potentialAction":[{"@type":"ReadAction","target":["https:\/\/www.greens-efa.eu\/dossier\/the-new-european-climate-law-breaks-the-eus-paris-agreement-promises\/"]}]},{"@type":"BreadcrumbList","@id":"https:\/\/www.greens-efa.eu\/dossier\/the-new-european-climate-law-breaks-the-eus-paris-agreement-promises\/#breadcrumb","itemListElement":[{"@type":"ListItem","position":1,"name":"Home","item":"https:\/\/www.greens-efa.eu\/dossier\/"},{"@type":"ListItem","position":2,"name":"The new European Climate Law breaks the EU\u2019s Paris Agreement promises"}]},{"@type":"WebSite","@id":"https:\/\/www.greens-efa.eu\/dossier\/#website","url":"https:\/\/www.greens-efa.eu\/dossier\/","name":"Greens\/EFA","description":"Greens\/EFA","potentialAction":[{"@type":"SearchAction","target":{"@type":"EntryPoint","urlTemplate":"https:\/\/www.greens-efa.eu\/dossier\/?s={search_term_string}"},"query-input":"required name=search_term_string"}],"inLanguage":"en-GB"},{"@type":"Person","@id":"https:\/\/www.greens-efa.eu\/dossier\/#\/schema\/person\/d30cf8c5689472d3b7a4397ce0014671","name":"jb","image":{"@type":"ImageObject","inLanguage":"en-GB","@id":"https:\/\/www.greens-efa.eu\/dossier\/#\/schema\/person\/image\/","url":"https:\/\/secure.gravatar.com\/avatar\/11c24c71631ba3b50d1ceec13ccf1f34?s=96&d=mm&r=g","contentUrl":"https:\/\/secure.gravatar.com\/avatar\/11c24c71631ba3b50d1ceec13ccf1f34?s=96&d=mm&r=g","caption":"jb"}}]}},"_links":{"self":[{"href":"https:\/\/www.greens-efa.eu\/dossier\/wp-json\/wp\/v2\/posts\/7297"}],"collection":[{"href":"https:\/\/www.greens-efa.eu\/dossier\/wp-json\/wp\/v2\/posts"}],"about":[{"href":"https:\/\/www.greens-efa.eu\/dossier\/wp-json\/wp\/v2\/types\/post"}],"author":[{"embeddable":true,"href":"https:\/\/www.greens-efa.eu\/dossier\/wp-json\/wp\/v2\/users\/3"}],"replies":[{"embeddable":true,"href":"https:\/\/www.greens-efa.eu\/dossier\/wp-json\/wp\/v2\/comments?post=7297"}],"version-history":[{"count":48,"href":"https:\/\/www.greens-efa.eu\/dossier\/wp-json\/wp\/v2\/posts\/7297\/revisions"}],"predecessor-version":[{"id":8164,"href":"https:\/\/www.greens-efa.eu\/dossier\/wp-json\/wp\/v2\/posts\/7297\/revisions\/8164"}],"wp:featuredmedia":[{"embeddable":true,"href":"https:\/\/www.greens-efa.eu\/dossier\/wp-json\/wp\/v2\/media\/7331"}],"wp:attachment":[{"href":"https:\/\/www.greens-efa.eu\/dossier\/wp-json\/wp\/v2\/media?parent=7297"}],"wp:term":[{"taxonomy":"category","embeddable":true,"href":"https:\/\/www.greens-efa.eu\/dossier\/wp-json\/wp\/v2\/categories?post=7297"},{"taxonomy":"post_tag","embeddable":true,"href":"https:\/\/www.greens-efa.eu\/dossier\/wp-json\/wp\/v2\/tags?post=7297"}],"curies":[{"name":"wp","href":"https:\/\/api.w.org\/{rel}","templated":true}]}}