{"id":7343,"date":"2021-06-23T14:36:51","date_gmt":"2021-06-23T14:36:51","guid":{"rendered":"https:\/\/www.greens-efa.eu\/dossier\/?p=7343"},"modified":"2021-09-23T10:25:27","modified_gmt":"2021-09-23T10:25:27","slug":"das-neue-europaische-klimagesetz-bricht-das-versprechen-der-eu-sich-an-das-pariser-abkommen-zu-halten","status":"publish","type":"post","link":"https:\/\/www.greens-efa.eu\/dossier\/das-neue-europaische-klimagesetz-bricht-das-versprechen-der-eu-sich-an-das-pariser-abkommen-zu-halten\/","title":{"rendered":"Das neue europ\u00e4ische Klimagesetz bricht das Versprechen der EU sich an das Pariser Abkommen zu halten"},"content":{"rendered":"<div class=\"gouter \" style=\"\"><div class=\"greens-content blk_core_paragraph\">\n<p><i><a href=\"https:\/\/www.greens-efa.eu\/dossier\/the-new-european-climate-law-breaks-the-eus-paris-agreement-promises\/\">Read this article in English<\/a>    <a href=\"https:\/\/www.greens-efa.eu\/dossier\/la-nouvelle-loi-climat-rompt-les-promesses-de-laccord-de-paris\/\">Lire cet article en fran\u00e7ais<\/a><\/i><\/p>\n<\/div><\/div>\n\n<div style=\"height:30px; background:transparent; display:block;\" class=\"spacer\"><\/div>\n\n<div class=\"gouter \" style=\"\"><div class=\"greens-content blk_core_paragraph\">\n<p><em>23.06.2021<\/em><\/p>\n<\/div><\/div>\n\n<div class=\"gouter has-medium-font-size\" style=\"\"><div class=\"greens-content blk_core_paragraph\">\n<p class=\"has-medium-font-size\">Der nach langen Verhandlungen gefundene Kompromiss im EU-Klimagesetz, die Reduktion der Emissionen um 52,8 %, ist ein Klimaziel, mit dem die <a href=\"https:\/\/www.ipcc.ch\/sr15\/\">Ziele des Pariser Klimaabkommens<\/a> schlichtweg nicht erreicht werden k\u00f6nnen. Wir brauchen mutige Reduktionsziele, um die Klimakrise zu stoppen. Wir haben keine Zeit zu verlieren, um die Erderw\u00e4rmung drastisch zu verlangsamen. Wir k\u00f6nnen nicht einem Klimagesetz zustimmen, das alle unsere Klimaversprechen bricht, schrieb <a rel=\"noreferrer noopener\" aria-label=\"Micha Bloss MdEP (opens in a new tab)\" href=\"https:\/\/twitter.com\/micha_bloss\" target=\"_blank\">Micha Bloss, MdEP DieGr\u00fcnen\/EFA<\/a>, Verhandlungsf\u00fchrer der Gr\u00fcnen\/EFA zum europ\u00e4ischen Klimagesetz.<\/p>\n<\/div><\/div>\n\n<div style=\"height:30px; background:transparent; display:block;\" class=\"spacer\"><\/div>\n\n<div class=\"gouter wp-block-image\" style=\"\"><div class=\"greens-content blk_core_image\">\n<div class=\"wp-block-image\"><figure class=\"aligncenter\"><img loading=\"lazy\" width=\"1024\" height=\"683\" src=\"https:\/\/www.greens-efa.eu\/dossier\/wp-content\/uploads\/2021\/06\/Fridays-for-Future-Berlin-2019-CC-BY-2.0-Jorg-Farys-WWF_web-1024x683.jpg\" alt=\"Fridays-for-Future-Berlin-2019-CC-BY-2.0-Jorg-Farys-WWF_web\" class=\"wp-image-7331\" srcset=\"https:\/\/www.greens-efa.eu\/dossier\/wp-content\/uploads\/2021\/06\/Fridays-for-Future-Berlin-2019-CC-BY-2.0-Jorg-Farys-WWF_web-1024x683.jpg 1024w, https:\/\/www.greens-efa.eu\/dossier\/wp-content\/uploads\/2021\/06\/Fridays-for-Future-Berlin-2019-CC-BY-2.0-Jorg-Farys-WWF_web-300x200.jpg 300w, https:\/\/www.greens-efa.eu\/dossier\/wp-content\/uploads\/2021\/06\/Fridays-for-Future-Berlin-2019-CC-BY-2.0-Jorg-Farys-WWF_web-768x512.jpg 768w, https:\/\/www.greens-efa.eu\/dossier\/wp-content\/uploads\/2021\/06\/Fridays-for-Future-Berlin-2019-CC-BY-2.0-Jorg-Farys-WWF_web.jpg 1200w\" sizes=\"(max-width: 706px) 89vw, (max-width: 767px) 82vw, 740px\" \/><figcaption>Fridays for Future Berlin 2019 CC-BY-2.0-Jorg-Farys-WWF<\/figcaption><\/figure><\/div>\n<\/div><\/div>\n\n<div class=\"gouter has-medium-font-size\" style=\"\"><div class=\"greens-content blk_core_paragraph\">\n<p class=\"has-medium-font-size\">Die Gr\u00fcnen\/EFA-Fraktion hat die Forderung nach einem EU-weiten Klimagesetz angef\u00fchrt. Wir wollten ein Gesetz, das die Instrumente und Ziele, die wir f\u00fcr die Umsetzung des Pariser Klimaabkommens brauchen, in der Gesetzgebung verankert. Tausende von Aktivist*innen sind daf\u00fcr mobilisiert worden. Junge Menschen haben auf den Stra\u00dfen protestiert. NGOs und Klimawissenschaftler*innen haben eindringlich vor Hitzewellen, D\u00fcrren, \u00dcberschwemmungen, Waldbr\u00e4nden, Wasserknappheit und Artenverlust gewarnt. Wir waren die lauteste Stimme im Europ\u00e4ischen Parlament, die eine konsequente Reduzierung der Emissionen forderte. Wir wollten ein Gesetz, das unsere Forderung unterst\u00fctzt.<\/p>\n<\/div><\/div>\n\n<div class=\"gouter has-medium-font-size\" style=\"\"><div class=\"greens-content blk_core_paragraph\">\n<p class=\"has-medium-font-size\">Nach monatelangen Verhandlungen muss ich leider sagen, dass das europ\u00e4ische Klimagesetz einfach nicht ausreicht, um den globalen Temperaturanstieg auf 2\u00b0C zu begrenzen, geschweige denn auf die 1,5\u00b0C, die wir laut Klimawissenschaftler*innen erreichen m\u00fcssen. Dieses von der Lobby der fossilen Brennstoffe und den EU-Regierungen verw\u00e4sserte Klimagesetz ist weder mit der Wissenschaft noch mit den Zielen des Pariser Klimaabkommens in Einklang zu bringen. Was jetzt auf dem Tisch liegt, sind unfertige Ma\u00dfnahmen und gebrochene Versprechen.&nbsp;<\/p>\n<\/div><\/div>\n\n<div style=\"height:30px; background:transparent; display:block;\" class=\"spacer\"><\/div>\n\n<div class=\"gouter has-text-color has-green-4-color\" style=\"\"><div class=\"greens-content blk_core_paragraph\">\n<p style=\"font-size:27px;text-align:center\" class=\"has-text-color has-green-4-color\">\ud83d\udc47<strong>AKTUELLE INFOS &#8211; H\u00d6REN SIE UNSEREN PODCAST<\/strong>\ufeff\ud83d\udc47<\/p>\n<\/div><\/div>\n\n<div class=\"gouter has-medium-font-size\" style=\"\"><div class=\"greens-content blk_core_paragraph\">\n<p class=\"has-medium-font-size\"><em>Die EU sollte vor einem der wichtigsten Klimagipfel dieses Jahrzehnts, dem COP26 in Glasgow, f\u00fchren im globalen Klimaschutz.<\/em><\/p>\n<\/div><\/div>\n\n<div class=\"gouter has-medium-font-size\" style=\"\"><div class=\"greens-content blk_core_paragraph\">\n<p class=\"has-medium-font-size\"><em>In diesem Podcast erz\u00e4hlen uns Wissenschaftler, Politiker und Aktivisten mehr \u00fcber das neue europ\u00e4ische Klimagesetz. Sind Europas Klimama\u00dfnahmen genug, um eine Klimakatastrophe zu vermeiden?<\/em><\/p>\n<\/div><\/div>\n\n<div style=\"height:30px; background:transparent; display:block;\" class=\"spacer\"><\/div>\n\n<div class=\"gouter \" style=\"\"><div class=\"greens-content blk_core_html\">\n<center><iframe loading=\"lazy\" width=\"60%\" height=\"300\" scrolling=\"no\" frameborder=\"no\" allow=\"autoplay\" src=\"https:\/\/w.soundcloud.com\/player\/?url=https%3A\/\/api.soundcloud.com\/tracks\/1074237013&#038;color=%232c7464&#038;auto_play=false&#038;hide_related=false&#038;show_comments=true&#038;show_user=true&#038;show_reposts=false&#038;show_teaser=true&#038;visual=true\"><\/iframe><\/center><div style=\"font-size: 10px; color: #cccccc;line-break: anywhere;word-break: normal;overflow: hidden;white-space: nowrap;text-overflow: ellipsis; font-family: Interstate,Lucida Grande,Lucida Sans Unicode,Lucida Sans,Garuda,Verdana,Tahoma,sans-serif;font-weight: 100;\"><a href=\"https:\/\/soundcloud.com\/greens-efa\" title=\"The Greens\/EFA in the European Parliament\" target=\"_blank\" style=\"color: #cccccc; text-decoration: none;\" rel=\"noopener noreferrer\">The Greens\/EFA in the European Parliament<\/a> \u00b7 <a href=\"https:\/\/soundcloud.com\/greens-efa\/the-future-is-green-podcast\" title=\"The Future is Green Podcast\" target=\"_blank\" style=\"color: #cccccc; text-decoration: none;\" rel=\"noopener noreferrer\">The Future is Green Podcast<\/a><\/div>\n<\/div><\/div>\n\n<div style=\"height:30px; background:transparent; display:block;\" class=\"spacer\"><\/div>\n\n<div class=\"gouter has-text-color has-green-4-color\" style=\"\"><div class=\"greens-content blk_core_paragraph\">\n<p style=\"font-size:27px\" class=\"has-text-color has-green-4-color\"><strong>Alles auf Anfang: Was ist das EU-Klimagesetz?<\/strong><\/p>\n<\/div><\/div>\n\n<div class=\"gouter has-medium-font-size\" style=\"\"><div class=\"greens-content blk_core_paragraph\">\n<p class=\"has-medium-font-size\">Im Fr\u00fchjahr 2019 haben Millionen von Europ\u00e4erinnen und Europ\u00e4er die Aufforderung <a href=\"https:\/\/twitter.com\/GretaThunberg\">Greta Thunbergs<\/a> geh\u00f6rt und sind auf die Stra\u00dfe gegangen, um echte Klimaschutzma\u00dfnahmen zu fordern. Bei den Wahlen zum Europ\u00e4ischen Parlament schwappte eine gr\u00fcne Welle \u00fcber Europa. Die Entscheidungstr\u00e4ger*innen waren nun gezwungen, den Kopf aus dem Sand zu ziehen und ein eigenes Gesetz zur Bek\u00e4mpfung der Klimakrise vorzuschlagen.<\/p>\n<\/div><\/div>\n\n<div class=\"gouter has-medium-font-size\" style=\"\"><div class=\"greens-content blk_core_paragraph\">\n<p class=\"has-medium-font-size\">Unter dem Druck der Gr\u00fcnen\/EFA und dem massiven \u00f6ffentlichen Aufschrei wurde ein europ\u00e4isches Klimagesetz auf die Agenda der Europ\u00e4ischen Union gesetzt. Das Ziel war es, die Klimaneutralit\u00e4tsziele f\u00fcr 2050 in europ\u00e4ischem Recht zu verankern. Dies sollte eine rechtliche Grundlage f\u00fcr Klimama\u00dfnahmen bilden. Einfacher ausgedr\u00fcckt: Sobald das Gesetz verabschiedet ist, verlangt es, dass sich alle anderen EU-Gesetze \u00e4ndern und mit den Zielen des Klimagesetzes in Einklang gebracht werden. Das bedeutet, dass es indirekt verbindliche Gesetzes\u00e4nderungen erzwingen wird, denen alle europ\u00e4ischen L\u00e4nder folgen m\u00fcssen.<\/p>\n<\/div><\/div>\n\n<div style=\"height:30px; background:transparent; display:block;\" class=\"spacer\"><\/div>\n\n<div data-cont>\n\t\t\t\t\t<div class=\"sq ce  ce-img-left\" style=\"\">\n\t\t\t\t\t\t<div data-adders=\"0.6;do\" class=\"img ani-slide-right\" style=\"background-image: url(https:\/\/www.greens-efa.eu\/dossier\/wp-content\/uploads\/2021\/06\/vote_for_climate_photo_action_web.jpg);background-size:cover;\"><\/div>\n\t\t\t\t\t\t<div data-adders=\"0.6;do\" class=\"pr ani-slide-left\"><div class=\"txt tl z8 fs-subline \"><u>Zeitstrahl des EU-Klimagesetzes<\/u><\/div><\/div>\n\t\t\t\t\t<\/div>\n\t\t\t\t<\/div>\n\n<div style=\"height:30px; background:transparent; display:block;\" class=\"spacer\"><\/div>\n\n<div class=\"gouter has-medium-font-size\" style=\"\"><div class=\"greens-content blk_core_list\">\n<ul class=\"has-medium-font-size\"><li><strong>September 2019:<\/strong> nach einem Jahr zunehmender      \u00f6ffentlicher Proteste schlossen sich Millionen von Menschen einer Welle <a href=\"https:\/\/www.theguardian.com\/environment\/2019\/sep\/27\/climate-crisis-6-million-people-join-latest-wave-of-worldwide-protests\">globaler Klimastreiks<\/a> an&nbsp;<\/li><li><strong>November 2019:<\/strong> das Europ\u00e4ische Parlament ruft den Klimanotstand aus.<\/li><li><strong>Dezember 2019:<\/strong> Die Europ\u00e4ische Kommission stellt ihren <a href=\"https:\/\/ec.europa.eu\/info\/strategy\/priorities-2019-2024\/european-green-deal_en\">European Green Deal<\/a> vor, der Pl\u00e4ne f\u00fcr ein EU-Klimagesetz enth\u00e4lt.<\/li><li><strong>M\u00e4rz 2020:<\/strong> Die Europ\u00e4ische Kommission schl\u00e4gt einen Entwurf f\u00fcr ein EU-Klimagesetz vor. <\/li><li><strong>Oktober 2020: <\/strong>Die Gr\u00fcnen\/EFA haben das Europ\u00e4ische Parlament \u00fcberzeugt, eine <a href=\"https:\/\/www.europarl.europa.eu\/news\/en\/press-room\/20201002IPR88431\/eu-climate-law-meps-want-to-increase-2030-emissions-reduction-target-to-60\">ambitionierte Position<\/a> zum EU-Klimagesetz einzunehmen. Wir erhalten Unterst\u00fctzung f\u00fcr ein Treibhausgasbudget, einen <a href=\"https:\/\/www.greens-efa.eu\/dossier\/the-case-for-a-european-climate-change-council\/\">unabh\u00e4ngigen Klimarat <\/a>und ein bahnbrechendes <a href=\"https:\/\/www.greens-efa.eu\/dossier\/the-european-climate-targets-by-2030\/\">Emissionsreduktionsziel von 60%<\/a>.<\/li><li><strong>Dezember 2020<\/strong>: Die europ\u00e4ischen Staatschef*innen einigen sich auf ein niedrigeres Netto-Emissionsreduktionsziel von 55%.<\/li><li><strong>Mai 2020<\/strong>: Nach monatelangen Verhandlungen erzielen das Europ\u00e4ische Parlament und der Europ\u00e4ische Rat eine <a href=\"https:\/\/www.europarl.europa.eu\/doceo\/document\/TA-9-2019-0078_EN.html\">Einigung.<\/a><\/li><li><strong>Juni 2020:<\/strong> Das Europ\u00e4ische Parlament stimmt \u00fcber die Vereinbarung zum europ\u00e4ischen Klimagesetz ab.<\/li><li><strong>Heute: <\/strong>Der Kampf gegen die Klimakrise ist dringlicher denn je.<\/li><\/ul>\n<\/div><\/div>\n\n<div style=\"height:30px; background:transparent; display:block;\" class=\"spacer\"><\/div>\n\n<div class=\"gouter wp-block-image\" style=\"\"><div class=\"greens-content blk_core_image\">\n<div class=\"wp-block-image\"><figure class=\"aligncenter\"><img loading=\"lazy\" width=\"1024\" height=\"683\" src=\"https:\/\/www.greens-efa.eu\/dossier\/wp-content\/uploads\/2021\/06\/vote_for_climate_photo_action_web-1024x683.jpg\" alt=\"Vote for Climate photo action\" class=\"wp-image-7304\" srcset=\"https:\/\/www.greens-efa.eu\/dossier\/wp-content\/uploads\/2021\/06\/vote_for_climate_photo_action_web-1024x683.jpg 1024w, https:\/\/www.greens-efa.eu\/dossier\/wp-content\/uploads\/2021\/06\/vote_for_climate_photo_action_web-300x200.jpg 300w, https:\/\/www.greens-efa.eu\/dossier\/wp-content\/uploads\/2021\/06\/vote_for_climate_photo_action_web-768x512.jpg 768w, https:\/\/www.greens-efa.eu\/dossier\/wp-content\/uploads\/2021\/06\/vote_for_climate_photo_action_web.jpg 1200w\" sizes=\"(max-width: 706px) 89vw, (max-width: 767px) 82vw, 740px\" \/><figcaption>Vote for Climate photo action<\/figcaption><\/figure><\/div>\n<\/div><\/div>\n\n<div class=\"gouter has-text-color has-green-4-color\" style=\"\"><div class=\"greens-content blk_core_paragraph\">\n<p style=\"font-size:27px\" class=\"has-text-color has-green-4-color\"><strong>Was ist schief gelaufen? Warum wird das EU-Klimagesetz nicht ausreichen, um die Klimakrise zu stoppen?<\/strong><\/p>\n<\/div><\/div>\n\n<div class=\"gouter has-medium-font-size\" style=\"\"><div class=\"greens-content blk_core_paragraph\">\n<p class=\"has-medium-font-size\">W\u00e4hrend wir im Europ\u00e4ischen Parlament erfolgreich Unterst\u00fctzung f\u00fcr mehr Klimaziele generieren konnten, gerieten die EU-Regierungen, insbesondere jene mit einer starken Lobby f\u00fcr fossile Brennstoffe, in Panik. Nur wenige Monate zuvor hatten sie bereits <a href=\"https:\/\/corporateeurope.org\/en\/2020\/07\/disclosed-intense-fossil-industry-lobby-undermines-eu-green-deal\">Elemente des Green New Deal verw\u00e4ssert<\/a>.&nbsp;<\/p>\n<\/div><\/div>\n\n<div class=\"gouter has-medium-font-size\" style=\"\"><div class=\"greens-content blk_core_paragraph\">\n<p class=\"has-medium-font-size\">Sie benutzten die gleichen alten Argumente: &#8220;ambitionierte Klimaschutzpolitik ist nicht machbar&#8221; und &#8220;Klimaschutz k\u00f6nnte der Wirtschaft schaden&#8221;. Diese Argumente h\u00f6ren wir seit Jahrzehnten, aber die Experte*innen sagen, dass dies nicht stimmt. Eine aktuelle Studie hat bewiesen, dass eine gr\u00fcne Wirtschaft <a href=\"http:\/\/extranet.greens-efa-service.eu\/public\/media\/file\/1\/6802\">eine Million neue Arbeitspl\u00e4tze <\/a>in ganz Europa schaffen k\u00f6nnte. Ehrgeizige Emissionsreduktionsziele kurbeln das Wirtschaftswachstum durch Investitionen in den Energiesektor sogar an.&nbsp;<\/p>\n<\/div><\/div>\n\n<div class=\"gouter has-medium-font-size\" style=\"\"><div class=\"greens-content blk_core_paragraph\">\n<p class=\"has-medium-font-size\">Dennoch suchten die Regierungsminister*innen im Europ\u00e4ischen Rat nach Ausreden und nicht nach L\u00f6sungen. Sie haben sich dann auf ein Netto-Emissionsreduktionsziel von 55% geeingt. Das Wort &#8220;netto&#8221; \u00f6ffnet jedoch ein <a href=\"https:\/\/www.ceps.eu\/a-2030-emissions-target-of-net-55-means-tough-decisions-on-the-bioeconomy-can-no-longer-wait\/\">juristisches Schlupfloch,<\/a> das dieses Ziel noch weiter reduziert, wenn man die &#8220;Kohlenstoffsenken&#8221; ber\u00fccksichtigt. In der Praxis bedeutet dies, dass die L\u00e4nder nur 52,8% der tats\u00e4chlichen Reduktionen erreichen m\u00fcssen. Der Rest ist Kohlenstoff, der bereits im \u00d6kosystem &#8211; zum Beispiel in W\u00e4ldern oder Feuchtgebieten &#8211; gespeichert ist, ohne dass dies einen positiven Effekt auf die Reduzierung des Kohlenstoffs in der Atmosph\u00e4re hat.&nbsp;&nbsp;<\/p>\n<\/div><\/div>\n\n<div class=\"gouter has-medium-font-size\" style=\"\"><div class=\"greens-content blk_core_paragraph\">\n<p class=\"has-medium-font-size\">Ein Ziel von netto -55% wird zu einer globalen Erw\u00e4rmung von weit \u00fcber 2\u00b0C bis zum Jahr 2050 f\u00fchren. F\u00fcr ein Gesetz, das vorgibt, f\u00fcr den Klimaschutz und f\u00fcr uns in der Gr\u00fcnen\/EFA-Fraktion&nbsp; zu sein, ist das einfach inakzeptabel. Zum Vergleich: Ein 65%iges Emissionsminderungsziel (wie das, wof\u00fcr <a href=\"https:\/\/www.greens-efa.eu\/dossier\/climate-law\/\">wir pl\u00e4diert haben<\/a>) gibt uns eine Zweidrittel-Chance, die globale Erw\u00e4rmung im gleichen Zeitraum bei 1,5\u00b0C zu halten.<\/p>\n<\/div><\/div>\n\n<div style=\"height:30px; background:transparent; display:block;\" class=\"spacer\"><\/div>\n\n<div class=\"gouter wp-block-image\" style=\"\"><div class=\"greens-content blk_core_image\">\n<div class=\"wp-block-image\"><figure class=\"aligncenter\"><img loading=\"lazy\" width=\"1000\" height=\"1000\" src=\"https:\/\/www.greens-efa.eu\/dossier\/wp-content\/uploads\/2021\/06\/save_the_green_deal_graphic_web.jpg\" alt=\"Save the Green Deal Graphic\" class=\"wp-image-7302\" srcset=\"https:\/\/www.greens-efa.eu\/dossier\/wp-content\/uploads\/2021\/06\/save_the_green_deal_graphic_web.jpg 1000w, https:\/\/www.greens-efa.eu\/dossier\/wp-content\/uploads\/2021\/06\/save_the_green_deal_graphic_web-150x150.jpg 150w, https:\/\/www.greens-efa.eu\/dossier\/wp-content\/uploads\/2021\/06\/save_the_green_deal_graphic_web-300x300.jpg 300w, https:\/\/www.greens-efa.eu\/dossier\/wp-content\/uploads\/2021\/06\/save_the_green_deal_graphic_web-768x768.jpg 768w, https:\/\/www.greens-efa.eu\/dossier\/wp-content\/uploads\/2021\/06\/save_the_green_deal_graphic_web-100x100.jpg 100w\" sizes=\"(max-width: 706px) 89vw, (max-width: 767px) 82vw, 740px\" \/><figcaption>Save the Green Deal Graphic<\/figcaption><\/figure><\/div>\n<\/div><\/div>\n\n<div class=\"gouter has-medium-font-size\" style=\"\"><div class=\"greens-content blk_core_paragraph\">\n<p class=\"has-medium-font-size\">Es ist au\u00dferdem viel niedriger als das 60%-Ziel, welches das Europ\u00e4ische Parlament wollte, und es ist weit davon entfernt, die Versprechen des Pariser Klimaabkommens zu erf\u00fcllen. Sogar das deutsche Verfassungsgericht hat gesagt, dass es eine <a href=\"https:\/\/www.politico.eu\/article\/germany-climate-change-law-court-rules-partly-unconstitutional\/\">verfassungsrechtliche Pflich<\/a>t sei, sich an die Temperaturziele des Pariser Abkommens zu halten. Gerichte in den Niederlanden, Belgien und Frankreich sind diesem Beispiel gefolgt.<\/p>\n<\/div><\/div>\n\n<div class=\"gouter has-medium-font-size\" style=\"\"><div class=\"greens-content blk_core_paragraph\">\n<p class=\"has-medium-font-size\">Trotz der tapferen Versuche des Europ\u00e4ischen Parlaments, w\u00e4hrend der verbleibenden Verhandlungen einen Kompromiss zu finden, bewegten sich die EU-Regierungen keinen Zentimeter von der Netto-55%-Position weg.&nbsp; Schlie\u00dflich wollten einige Verhandlungsf\u00fchrer*innen angesichts des nahenden Klimagipfels von US-Pr\u00e4sident Joe Biden lieber einen schnellen als einen guten Abschluss. Nur sehr wenige Elemente der angestrebten Position des Europ\u00e4ischen Parlaments haben es in die endg\u00fcltige Vereinbarung zum EU-Klimagesetz geschafft.&nbsp;<\/p>\n<\/div><\/div>\n\n<div class=\"gouter has-text-color has-green-4-color\" style=\"\"><div class=\"greens-content blk_core_paragraph\">\n<p style=\"font-size:27px\" class=\"has-text-color has-green-4-color\"><strong>Was denken die Gr\u00fcnen\/EFA nun \u00fcber die abschlie\u00dfende Einigung zum EU-Klimagesetz?<\/strong><\/p>\n<\/div><\/div>\n\n<div class=\"gouter has-medium-font-size\" style=\"\"><div class=\"greens-content blk_core_paragraph\">\n<p class=\"has-medium-font-size\">Dieses Gesetz als einen Sieg f\u00fcr das Klima darzustellen, ist falsch. Dieses EU-Klimagesetz ist zu machtlos, um die Klimakrise zu stoppen. Es ist einfach nicht genug. Etwas anderes zu behaupten, w\u00e4re gegen unsere Werte, irref\u00fchrend f\u00fcr unsere W\u00e4hler*innen, unfair gegen\u00fcber all den Klimaaktivist*innen, die sich in diesen Kampf gest\u00fcrzt haben, und ein Verrat an allen zuk\u00fcnftigen Generationen.&nbsp;<\/p>\n<\/div><\/div>\n\n<div class=\"gouter has-medium-font-size\" style=\"\"><div class=\"greens-content blk_core_paragraph\">\n<p class=\"has-medium-font-size\">Wir sind nicht die einzigen, die damit nicht einverstanden sind. Das europ\u00e4ische Klimaabkommen wurde von <a href=\"https:\/\/www.theguardian.com\/environment\/2021\/apr\/21\/new-eu-target-to-cut-carbon-emissions-by-at-least-55-disappoints-experts\">Klimaexpert*innen und Umweltgruppen <\/a>heftig kritisiert, die es als &#8220;\u00fcberst\u00fcrzt&#8221;, &#8220;eine Farce&#8221; und &#8220;nicht im Einklang mit den Zielen des Pariser Abkommens&#8221; bezeichnet haben. Wir meinen es ernst, wenn wir sagen, dass wir anfangen m\u00fcssen, auf die Klimawissenschaftler*innen zu h\u00f6ren. Wir werden ihre Stimmen nicht ignorieren.<\/p>\n<\/div><\/div>\n\n<div class=\"gouter has-medium-font-size\" style=\"\"><div class=\"greens-content blk_core_paragraph\">\n<p class=\"has-medium-font-size\">Wir sind immer noch stolz darauf, dass die Gr\u00fcnen\/EFA ma\u00dfgeblich daran beteiligt waren, das allererste europ\u00e4ische Klimagesetz zu bekommen. Die Schaffung eines unabh\u00e4ngigen wissenschaftlichen EU-Klimabeirats und das Versprechen eines EU-Treibhausgasbudgets f\u00fcr die Zeit nach 2030 waren zwei unserer Hauptforderungen, und wir begr\u00fc\u00dfen ihre Annahme als Teil des endg\u00fcltigen Pakets. Sie werden dazu dienen, die Rolle der Wissenschaft in zuk\u00fcnftigen Debatten \u00fcber EU-Klimama\u00dfnahmen und -Ziele zu st\u00e4rken.&nbsp;<\/p>\n<\/div><\/div>\n\n<div style=\"height:30px; background:transparent; display:block;\" class=\"spacer\"><\/div>\n\n<div class=\"gouter wp-block-image\" style=\"\"><div class=\"greens-content blk_core_image\">\n<div class=\"wp-block-image\"><figure class=\"aligncenter\"><img loading=\"lazy\" width=\"1024\" height=\"683\" src=\"https:\/\/www.greens-efa.eu\/dossier\/wp-content\/uploads\/2021\/06\/micha_bloss_web2-1024x683.jpg\" alt=\"MEP Michael Bloss\" class=\"wp-image-7301\" srcset=\"https:\/\/www.greens-efa.eu\/dossier\/wp-content\/uploads\/2021\/06\/micha_bloss_web2-1024x683.jpg 1024w, https:\/\/www.greens-efa.eu\/dossier\/wp-content\/uploads\/2021\/06\/micha_bloss_web2-300x200.jpg 300w, https:\/\/www.greens-efa.eu\/dossier\/wp-content\/uploads\/2021\/06\/micha_bloss_web2-768x512.jpg 768w, https:\/\/www.greens-efa.eu\/dossier\/wp-content\/uploads\/2021\/06\/micha_bloss_web2.jpg 1200w\" sizes=\"(max-width: 706px) 89vw, (max-width: 767px) 82vw, 740px\" \/><figcaption>MEP Michael Bloss<\/figcaption><\/figure><\/div>\n<\/div><\/div>\n\n<div class=\"gouter has-text-color has-green-4-color\" style=\"\"><div class=\"greens-content blk_core_paragraph\">\n<p style=\"font-size:27px\" class=\"has-text-color has-green-4-color\"><strong>Ist der Klimaaktivismus jetzt am Ende? Was k\u00f6nnen wir noch tun, um das Klima zu retten?<\/strong><\/p>\n<\/div><\/div>\n\n<div class=\"gouter has-medium-font-size\" style=\"\"><div class=\"greens-content blk_core_paragraph\">\n<p class=\"has-medium-font-size\">Die Abstimmung \u00fcber das EU-Klimagesetz ist ein R\u00fcckschlag, aber jetzt ist nicht die Moment, die Hoffnung zu verlieren. Das zeigt uns, dass wir nicht selbstgef\u00e4llig sein d\u00fcrfen. Wir m\u00fcssen Wahlen nutzen, um die politische Landschaft zu ver\u00e4ndern und Menschen an die Macht zu bringen, die eine Klimapolitik machen, die mit dem Pariser Abkommen vereinbar ist. Immer wieder versagen die Konservativen bei ambitionierten Schritten in Richtung Klimaneutralit\u00e4t. Wir m\u00fcssen ihnen entgegen wirken.<\/p>\n<\/div><\/div>\n\n<div class=\"gouter has-medium-font-size\" style=\"\"><div class=\"greens-content blk_core_paragraph\">\n<p class=\"has-medium-font-size\">Unterdessen werden unter dem Dach des europ\u00e4ischen Green Deals weitere klimapolitische Ma\u00dfnahmen diskutiert. Im Juli wird die Europ\u00e4ische Kommission das <a href=\"https:\/\/www.europarl.europa.eu\/legislative-train\/theme-a-european-green-deal\/package-fit-for-55\">&#8220;Fit for 2030&#8221;-Klimapaket<\/a>, ein B\u00fcndel von klimapolitischen Ma\u00dfnahmen, vorschlagen. Dies ist die Chance f\u00fcr Europa, noch Klima-Champion zu werden. Ma\u00dfnahmen wie ein Verbot von Verbrennungsmotoren ab 2030, die Besteuerung von Flugzeugtreibstoff und die Festlegung eines <a href=\"https:\/\/www.greens-efa.eu\/en\/article\/document\/towards-an-ets-that-works-for-climate-and-the-transformation-of-industry\">h\u00f6heren Preises f\u00fcr Kohlenstoff<\/a> im EU-Emissionshandelssystem k\u00f6nnten die Substanz des europ\u00e4ischen Green Deals bestimmen.<\/p>\n<\/div><\/div>\n\n<div class=\"gouter has-medium-font-size\" style=\"\"><div class=\"greens-content blk_core_paragraph\">\n<p class=\"has-medium-font-size\">Im November findet in Glasgow der wichtigste Klimagipfel des Jahrzehnts statt: <a href=\"https:\/\/ukcop26.org\/\">die COP26<\/a>. Wir werden dort sein und weiter f\u00fcr eine Wirtschaft k\u00e4mpfen, die bis 2040 vollst\u00e4ndig auf erneuerbaren Energien basierende. Wir werden uns daf\u00fcr einsetzen, dass fossile Brennstoffe im Boden bleiben, und uns f\u00fcr eine vollst\u00e4ndige Transformation unserer Industrie-, Transport- und Agrarsysteme stark machen. Wir k\u00e4mpfen f\u00fcr soziale Gerechtigkeit, f\u00fcr eine gr\u00fcne Wirtschaft, die hochwertige Arbeitspl\u00e4tze f\u00fcr  Arbeitnehmer*innen bietet, und f\u00fcr einen gerechten \u00dcbergang, der niemanden zur\u00fcckl\u00e4sst. <\/p>\n<\/div><\/div>\n\n<div class=\"gouter has-text-color has-greens-orange-color\" style=\"\"><div class=\"greens-content blk_core_paragraph\">\n<p style=\"font-size:27px;text-align:center\" class=\"has-text-color has-greens-orange-color\"><strong>Es ist noch Zeit, den Europ\u00e4ischen Green Deal zu retten.&nbsp;<\/strong><\/p>\n<\/div><\/div>\n\n<div class=\"gouter has-text-color has-greens-magenta-color\" style=\"\"><div class=\"greens-content blk_core_paragraph\">\n<p style=\"font-size:27px;text-align:center\" class=\"has-text-color has-greens-magenta-color\"><strong>Wir brauchen Ihre Stimme, um f\u00fcr eine ambitionierte EU-Klimagesetzgebung zu k\u00e4mpfen!&nbsp;<\/strong><\/p>\n<\/div><\/div>\n\n<div class=\"gouter \" style=\"\"><div class=\"greens-content blk_core_paragraph\">\n<p style=\"font-size:27px;text-align:center\"><a href=\"https:\/\/www.greens-efa.eu\/en\/Climate-Law\">\ud83d\udc49SCHLIESSEN SIE SICH UNSEREM KAMPF ZUR RETTUNG DES KLIMAS AN &#8211; BESUCHEN SIE UNSERE KAMPAGNENSEITE HIER\ud83d\udc48<\/a><\/p>\n<\/div><\/div>\n\n<div class=\"gouter has-text-color has-green-4-color\" style=\"\"><div class=\"greens-content blk_core_paragraph\">\n<p style=\"font-size:27px;text-align:center\" class=\"has-text-color has-green-4-color\"><strong>Autor<\/strong><\/p>\n<\/div><\/div>\n\n<div class=\"gouter wp-block-image\" style=\"\"><div class=\"greens-content blk_core_image\">\n<div class=\"wp-block-image\"><figure class=\"aligncenter\"><img loading=\"lazy\" width=\"300\" height=\"300\" src=\"https:\/\/www.greens-efa.eu\/dossier\/wp-content\/uploads\/2021\/06\/micha_bloss_square_web-300x300.jpg\" alt=\"MEP Michael Bloss\" class=\"wp-image-7299\" srcset=\"https:\/\/www.greens-efa.eu\/dossier\/wp-content\/uploads\/2021\/06\/micha_bloss_square_web-300x300.jpg 300w, https:\/\/www.greens-efa.eu\/dossier\/wp-content\/uploads\/2021\/06\/micha_bloss_square_web-150x150.jpg 150w, https:\/\/www.greens-efa.eu\/dossier\/wp-content\/uploads\/2021\/06\/micha_bloss_square_web-768x768.jpg 768w, https:\/\/www.greens-efa.eu\/dossier\/wp-content\/uploads\/2021\/06\/micha_bloss_square_web-100x100.jpg 100w, https:\/\/www.greens-efa.eu\/dossier\/wp-content\/uploads\/2021\/06\/micha_bloss_square_web.jpg 1000w\" sizes=\"(max-width: 300px) 100vw, 300px\" \/><figcaption>MEP Michael Bloss<\/figcaption><\/figure><\/div>\n<\/div><\/div>\n\n<div class=\"gouter has-medium-font-size\" style=\"\"><div class=\"greens-content blk_core_paragraph\">\n<p class=\"has-medium-font-size\"><strong>Mehr Informationen:<br>G\u00e1bor V\u00e1g\u00f3<\/strong> &#8211; Klima-Kampaigner<br><a href=\"mailto:gabor.vago@ep.europa.eu\">gabor.vago@ep.europa.eu<\/a> <br><\/p>\n<\/div><\/div>","protected":false},"excerpt":{"rendered":"<p>Wir haben keine Zeit zu verlieren, um die Erderw\u00e4rmung deutlich zu verlangsamen. Wir k\u00f6nnen nicht einem Klimagesetz zustimmen, das alle unsere Klimaversprechen bricht, schreibt Micha Bloss MdEP, Verhandlungsf\u00fchrer der Gr\u00fcnen\/EFA zum europ\u00e4ischen Klimagesetz.<\/p>\n","protected":false},"author":3,"featured_media":7331,"comment_status":"open","ping_status":"open","sticky":false,"template":"","format":"standard","meta":[],"categories":[7],"tags":[],"yoast_head":"<!-- This site is optimized with the Yoast SEO plugin v19.6.1 - https:\/\/yoast.com\/wordpress\/plugins\/seo\/ -->\n<title>Das neue europ\u00e4ische Klimagesetz bricht das Versprechen der EU sich an das Pariser Abkommen zu halten - Greens\/EFA<\/title>\n<meta name=\"robots\" content=\"noindex, follow\" \/>\n<meta property=\"og:locale\" content=\"en_GB\" \/>\n<meta property=\"og:type\" content=\"article\" \/>\n<meta property=\"og:title\" content=\"Das neue europ\u00e4ische Klimagesetz bricht das Versprechen der EU sich an das Pariser Abkommen zu halten - Greens\/EFA\" \/>\n<meta property=\"og:description\" content=\"Wir haben keine Zeit zu verlieren, um die Erderw\u00e4rmung deutlich zu verlangsamen. Wir k\u00f6nnen nicht einem Klimagesetz zustimmen, das alle unsere Klimaversprechen bricht, schreibt Micha Bloss MdEP, Verhandlungsf\u00fchrer der Gr\u00fcnen\/EFA zum europ\u00e4ischen Klimagesetz.\" \/>\n<meta property=\"og:url\" content=\"https:\/\/www.greens-efa.eu\/dossier\/das-neue-europaische-klimagesetz-bricht-das-versprechen-der-eu-sich-an-das-pariser-abkommen-zu-halten\/\" \/>\n<meta property=\"og:site_name\" content=\"Greens\/EFA\" \/>\n<meta property=\"article:published_time\" content=\"2021-06-23T14:36:51+00:00\" \/>\n<meta property=\"article:modified_time\" content=\"2021-09-23T10:25:27+00:00\" \/>\n<meta property=\"og:image\" content=\"https:\/\/www.greens-efa.eu\/dossier\/wp-content\/uploads\/2021\/06\/Fridays-for-Future-Berlin-2019-CC-BY-2.0-Jorg-Farys-WWF_web.jpg\" \/>\n\t<meta property=\"og:image:width\" content=\"1200\" \/>\n\t<meta property=\"og:image:height\" content=\"800\" \/>\n\t<meta property=\"og:image:type\" content=\"image\/jpeg\" \/>\n<meta name=\"author\" content=\"jb\" \/>\n<meta name=\"twitter:card\" content=\"summary_large_image\" \/>\n<meta name=\"twitter:label1\" content=\"Written by\" \/>\n\t<meta name=\"twitter:data1\" content=\"jb\" \/>\n\t<meta name=\"twitter:label2\" content=\"Estimated reading time\" \/>\n\t<meta name=\"twitter:data2\" content=\"8 minutes\" \/>\n<script type=\"application\/ld+json\" class=\"yoast-schema-graph\">{\"@context\":\"https:\/\/schema.org\",\"@graph\":[{\"@type\":\"WebPage\",\"@id\":\"https:\/\/www.greens-efa.eu\/dossier\/das-neue-europaische-klimagesetz-bricht-das-versprechen-der-eu-sich-an-das-pariser-abkommen-zu-halten\/\",\"url\":\"https:\/\/www.greens-efa.eu\/dossier\/das-neue-europaische-klimagesetz-bricht-das-versprechen-der-eu-sich-an-das-pariser-abkommen-zu-halten\/\",\"name\":\"Das neue europ\u00e4ische Klimagesetz bricht das Versprechen der EU sich an das Pariser Abkommen zu halten - Greens\/EFA\",\"isPartOf\":{\"@id\":\"https:\/\/www.greens-efa.eu\/dossier\/#website\"},\"datePublished\":\"2021-06-23T14:36:51+00:00\",\"dateModified\":\"2021-09-23T10:25:27+00:00\",\"author\":{\"@id\":\"https:\/\/www.greens-efa.eu\/dossier\/#\/schema\/person\/d30cf8c5689472d3b7a4397ce0014671\"},\"breadcrumb\":{\"@id\":\"https:\/\/www.greens-efa.eu\/dossier\/das-neue-europaische-klimagesetz-bricht-das-versprechen-der-eu-sich-an-das-pariser-abkommen-zu-halten\/#breadcrumb\"},\"inLanguage\":\"en-GB\",\"potentialAction\":[{\"@type\":\"ReadAction\",\"target\":[\"https:\/\/www.greens-efa.eu\/dossier\/das-neue-europaische-klimagesetz-bricht-das-versprechen-der-eu-sich-an-das-pariser-abkommen-zu-halten\/\"]}]},{\"@type\":\"BreadcrumbList\",\"@id\":\"https:\/\/www.greens-efa.eu\/dossier\/das-neue-europaische-klimagesetz-bricht-das-versprechen-der-eu-sich-an-das-pariser-abkommen-zu-halten\/#breadcrumb\",\"itemListElement\":[{\"@type\":\"ListItem\",\"position\":1,\"name\":\"Home\",\"item\":\"https:\/\/www.greens-efa.eu\/dossier\/\"},{\"@type\":\"ListItem\",\"position\":2,\"name\":\"Das neue europ\u00e4ische Klimagesetz bricht das Versprechen der EU sich an das Pariser Abkommen zu halten\"}]},{\"@type\":\"WebSite\",\"@id\":\"https:\/\/www.greens-efa.eu\/dossier\/#website\",\"url\":\"https:\/\/www.greens-efa.eu\/dossier\/\",\"name\":\"Greens\/EFA\",\"description\":\"Greens\/EFA\",\"potentialAction\":[{\"@type\":\"SearchAction\",\"target\":{\"@type\":\"EntryPoint\",\"urlTemplate\":\"https:\/\/www.greens-efa.eu\/dossier\/?s={search_term_string}\"},\"query-input\":\"required name=search_term_string\"}],\"inLanguage\":\"en-GB\"},{\"@type\":\"Person\",\"@id\":\"https:\/\/www.greens-efa.eu\/dossier\/#\/schema\/person\/d30cf8c5689472d3b7a4397ce0014671\",\"name\":\"jb\",\"image\":{\"@type\":\"ImageObject\",\"inLanguage\":\"en-GB\",\"@id\":\"https:\/\/www.greens-efa.eu\/dossier\/#\/schema\/person\/image\/\",\"url\":\"https:\/\/secure.gravatar.com\/avatar\/11c24c71631ba3b50d1ceec13ccf1f34?s=96&d=mm&r=g\",\"contentUrl\":\"https:\/\/secure.gravatar.com\/avatar\/11c24c71631ba3b50d1ceec13ccf1f34?s=96&d=mm&r=g\",\"caption\":\"jb\"}}]}<\/script>\n<!-- \/ Yoast SEO plugin. -->","yoast_head_json":{"title":"Das neue europ\u00e4ische Klimagesetz bricht das Versprechen der EU sich an das Pariser Abkommen zu halten - Greens\/EFA","robots":{"index":"noindex","follow":"follow"},"og_locale":"en_GB","og_type":"article","og_title":"Das neue europ\u00e4ische Klimagesetz bricht das Versprechen der EU sich an das Pariser Abkommen zu halten - Greens\/EFA","og_description":"Wir haben keine Zeit zu verlieren, um die Erderw\u00e4rmung deutlich zu verlangsamen. Wir k\u00f6nnen nicht einem Klimagesetz zustimmen, das alle unsere Klimaversprechen bricht, schreibt Micha Bloss MdEP, Verhandlungsf\u00fchrer der Gr\u00fcnen\/EFA zum europ\u00e4ischen Klimagesetz.","og_url":"https:\/\/www.greens-efa.eu\/dossier\/das-neue-europaische-klimagesetz-bricht-das-versprechen-der-eu-sich-an-das-pariser-abkommen-zu-halten\/","og_site_name":"Greens\/EFA","article_published_time":"2021-06-23T14:36:51+00:00","article_modified_time":"2021-09-23T10:25:27+00:00","og_image":[{"width":1200,"height":800,"url":"https:\/\/www.greens-efa.eu\/dossier\/wp-content\/uploads\/2021\/06\/Fridays-for-Future-Berlin-2019-CC-BY-2.0-Jorg-Farys-WWF_web.jpg","type":"image\/jpeg"}],"author":"jb","twitter_card":"summary_large_image","twitter_misc":{"Written by":"jb","Estimated reading time":"8 minutes"},"schema":{"@context":"https:\/\/schema.org","@graph":[{"@type":"WebPage","@id":"https:\/\/www.greens-efa.eu\/dossier\/das-neue-europaische-klimagesetz-bricht-das-versprechen-der-eu-sich-an-das-pariser-abkommen-zu-halten\/","url":"https:\/\/www.greens-efa.eu\/dossier\/das-neue-europaische-klimagesetz-bricht-das-versprechen-der-eu-sich-an-das-pariser-abkommen-zu-halten\/","name":"Das neue europ\u00e4ische Klimagesetz bricht das Versprechen der EU sich an das Pariser Abkommen zu halten - Greens\/EFA","isPartOf":{"@id":"https:\/\/www.greens-efa.eu\/dossier\/#website"},"datePublished":"2021-06-23T14:36:51+00:00","dateModified":"2021-09-23T10:25:27+00:00","author":{"@id":"https:\/\/www.greens-efa.eu\/dossier\/#\/schema\/person\/d30cf8c5689472d3b7a4397ce0014671"},"breadcrumb":{"@id":"https:\/\/www.greens-efa.eu\/dossier\/das-neue-europaische-klimagesetz-bricht-das-versprechen-der-eu-sich-an-das-pariser-abkommen-zu-halten\/#breadcrumb"},"inLanguage":"en-GB","potentialAction":[{"@type":"ReadAction","target":["https:\/\/www.greens-efa.eu\/dossier\/das-neue-europaische-klimagesetz-bricht-das-versprechen-der-eu-sich-an-das-pariser-abkommen-zu-halten\/"]}]},{"@type":"BreadcrumbList","@id":"https:\/\/www.greens-efa.eu\/dossier\/das-neue-europaische-klimagesetz-bricht-das-versprechen-der-eu-sich-an-das-pariser-abkommen-zu-halten\/#breadcrumb","itemListElement":[{"@type":"ListItem","position":1,"name":"Home","item":"https:\/\/www.greens-efa.eu\/dossier\/"},{"@type":"ListItem","position":2,"name":"Das neue europ\u00e4ische Klimagesetz bricht das Versprechen der EU sich an das Pariser Abkommen zu halten"}]},{"@type":"WebSite","@id":"https:\/\/www.greens-efa.eu\/dossier\/#website","url":"https:\/\/www.greens-efa.eu\/dossier\/","name":"Greens\/EFA","description":"Greens\/EFA","potentialAction":[{"@type":"SearchAction","target":{"@type":"EntryPoint","urlTemplate":"https:\/\/www.greens-efa.eu\/dossier\/?s={search_term_string}"},"query-input":"required name=search_term_string"}],"inLanguage":"en-GB"},{"@type":"Person","@id":"https:\/\/www.greens-efa.eu\/dossier\/#\/schema\/person\/d30cf8c5689472d3b7a4397ce0014671","name":"jb","image":{"@type":"ImageObject","inLanguage":"en-GB","@id":"https:\/\/www.greens-efa.eu\/dossier\/#\/schema\/person\/image\/","url":"https:\/\/secure.gravatar.com\/avatar\/11c24c71631ba3b50d1ceec13ccf1f34?s=96&d=mm&r=g","contentUrl":"https:\/\/secure.gravatar.com\/avatar\/11c24c71631ba3b50d1ceec13ccf1f34?s=96&d=mm&r=g","caption":"jb"}}]}},"_links":{"self":[{"href":"https:\/\/www.greens-efa.eu\/dossier\/wp-json\/wp\/v2\/posts\/7343"}],"collection":[{"href":"https:\/\/www.greens-efa.eu\/dossier\/wp-json\/wp\/v2\/posts"}],"about":[{"href":"https:\/\/www.greens-efa.eu\/dossier\/wp-json\/wp\/v2\/types\/post"}],"author":[{"embeddable":true,"href":"https:\/\/www.greens-efa.eu\/dossier\/wp-json\/wp\/v2\/users\/3"}],"replies":[{"embeddable":true,"href":"https:\/\/www.greens-efa.eu\/dossier\/wp-json\/wp\/v2\/comments?post=7343"}],"version-history":[{"count":19,"href":"https:\/\/www.greens-efa.eu\/dossier\/wp-json\/wp\/v2\/posts\/7343\/revisions"}],"predecessor-version":[{"id":8163,"href":"https:\/\/www.greens-efa.eu\/dossier\/wp-json\/wp\/v2\/posts\/7343\/revisions\/8163"}],"wp:featuredmedia":[{"embeddable":true,"href":"https:\/\/www.greens-efa.eu\/dossier\/wp-json\/wp\/v2\/media\/7331"}],"wp:attachment":[{"href":"https:\/\/www.greens-efa.eu\/dossier\/wp-json\/wp\/v2\/media?parent=7343"}],"wp:term":[{"taxonomy":"category","embeddable":true,"href":"https:\/\/www.greens-efa.eu\/dossier\/wp-json\/wp\/v2\/categories?post=7343"},{"taxonomy":"post_tag","embeddable":true,"href":"https:\/\/www.greens-efa.eu\/dossier\/wp-json\/wp\/v2\/tags?post=7343"}],"curies":[{"name":"wp","href":"https:\/\/api.w.org\/{rel}","templated":true}]}}