{"id":668,"date":"2021-10-21T18:03:24","date_gmt":"2021-10-21T16:03:24","guid":{"rendered":"https:\/\/www.greens-efa.eu\/opinions\/?p=668"},"modified":"2021-10-27T18:15:36","modified_gmt":"2021-10-27T16:15:36","slug":"klimatomstallningen-har-bara-borjat-var-en-del-av-forandringen","status":"publish","type":"post","link":"https:\/\/www.greens-efa.eu\/opinions\/klimatomstallningen-har-bara-borjat-var-en-del-av-forandringen\/","title":{"rendered":"Klimatomst\u00e4llningen har bara b\u00f6rjat &#8211; var en del av f\u00f6r\u00e4ndringen"},"content":{"rendered":"<div class=\"boxed\">\n<div style=\"height:20px\" aria-hidden=\"true\" class=\"wp-block-spacer\"><\/div>\n<\/div><div class=\"boxed\">\n\n<\/div><div class=\"boxed\">\n<p>Klimattoppm\u00f6tet i Glasgow \u00e4r bara ett par dagar bort. M\u00f6tet \u00e4r det viktigaste p\u00e5 l\u00e4nge, f\u00f6r vi har bara sett b\u00f6rjan p\u00e5 klimatkrisen. F\u00f6r det som vi klimatforskare har varnat f\u00f6r i \u00e5rtionden h\u00e4nder nu. Extremv\u00e4der och naturkatastrofer som sk\u00f6rdar d\u00f6dsoffer har varit ett faktum i fattiga utvecklingsl\u00e4nder l\u00e4nge, men b\u00f6rjar nu bli allt vanligare \u00e4ven i Europa. Bara under detta \u00e5r har \u00f6versv\u00e4mningar i Tyskland och Belgien d\u00f6dat hundratals samtidigt som br\u00e4nder och extremhetta har dominerat Grekland, Italien och Spanien.&nbsp;<\/p>\n<\/div><div class=\"boxed\">\n\n<\/div><div class=\"boxed\">\n<p>Det p\u00e5g\u00e5r h\u00e4r, och det p\u00e5g\u00e5r nu.&nbsp;<\/p>\n<\/div><div class=\"boxed\">\n\n<\/div><div class=\"boxed\">\n<p>Men \u00e4nd\u00e5 finns det en sak som EU, dess medlemsl\u00e4nder och alla andra l\u00e4nder i v\u00e4rlden har gemensamt &#8211; de g\u00f6r alla alldeles f\u00f6r lite f\u00f6r att st\u00e4vja klimatkrisen. S\u00e5v\u00e4l dess orsak som konsekvenser hanteras inte som utmaningen f\u00f6rtj\u00e4nar. Klimatomst\u00e4llningen \u00e4r det viktigaste politiska projekt vi har framf\u00f6r oss. Det \u00e4r kampen f\u00f6r att alla m\u00e4nniskor ska utvecklas <strong>inom <\/strong>ramen f\u00f6r planetens gr\u00e4nser, snarare \u00e4n att <strong>drabbas <\/strong>av konsekvenserna av att ett f\u00e5tal f\u00f6rst\u00f6r f\u00f6r ett flertal. Det \u00e4r kampen f\u00f6r dem som inte har en r\u00f6st.<\/p>\n<\/div><div class=\"boxed\">\n\n<\/div><div class=\"boxed\">\n<p>Men v\u00e4rldsledarnas handlingsf\u00f6rlamning blev alltmer uppenbar n\u00e4r <a href=\"https:\/\/www.ipcc.ch\/report\/ar6\/wg1\/\">FN:s klimatpanel IPCC<\/a> i somras presenterade den f\u00f6rsta delen av sin sj\u00e4tte stora rapport. Det blev sm\u00e4rtsamt uppenbart att ingenting hade f\u00f6rb\u00e4ttrats sedan tidigare rapporter. Klimatforskningen har varit tydlig sedan den f\u00f6rsta IPCC-rapporten f\u00f6r snart trettio \u00e5r sedan. Men politiken \u00e4r otillr\u00e4cklig &#8211; och f\u00f6r varje \u00e5r som g\u00e5r, krymper v\u00e5r koldioxidbudget, och sannolikheten f\u00f6r att vi ska lyckas begr\u00e4nsa den globala uppv\u00e4rmningen till 1,5 grad minskar snabbt.<\/p>\n<\/div><div class=\"boxed\">\n\n<\/div><div class=\"boxed\">\n<h3 class=\"has-dark-color has-text-color wp-block-heading\"><strong><strong>COP26 i Glasgow &#8211; det finns ingen tid att f\u00f6rlora<\/strong><\/strong><\/h3>\n<\/div><div class=\"boxed\">\n\n<\/div><div class=\"boxed\">\n<p>Det \u00e4r av yttersta vikt att v\u00e4rldens ledare samarbetar internationellt f\u00f6r att tillsammans l\u00f6sa v\u00e5r tids stora \u00f6desfr\u00e5ga. Klimattoppm\u00f6tet COP26 i Glasgow som g\u00e5r av stapeln under f\u00f6rsta halvan av november \u00e4r ett unikt tillf\u00e4lle att g\u00e5 fr\u00e5n ord till handling. Vad som blir allt tydligare \u00e4r att COP26 kan vara den allra sista chansen v\u00e4rldens ledare har p\u00e5 sig att f\u00f6rhindra de allra v\u00e4rsta effekterna av klimatf\u00f6r\u00e4ndringarna. Som officiell delegat f\u00f6r den gr\u00f6na gruppen \u00e4r mina krav tydliga. V\u00e4rldens ledare m\u00e5ste g\u00e5 fr\u00e5n vackra ord och l\u00f6ften om nollutsl\u00e4pp, till konkreta utsl\u00e4ppsminskningar i linje med Parisavtalets m\u00e5l.<\/p>\n<\/div><div class=\"boxed\">\n\n<\/div><div class=\"boxed\">\n<div style=\"height:20px\" aria-hidden=\"true\" class=\"wp-block-spacer\"><\/div>\n<\/div><div class=\"boxed\">\n\n<\/div><div class=\"lazyblock-border-box-MGeYH wp-block-lazyblock-border-box\"><div class=\"boxed\">\n  <div class=\"offset-border-bg skew\"><\/div>\n  <div class=\"content skew\">\n    <div class=\"skew-reset\">\n      \n<div class=\"boxed\">\n<h4 class=\"has-text-align-center has-green-dark-color has-text-color wp-block-heading\"><strong>Det h\u00e4r \u00e4r den gr\u00f6na gruppens krav p\u00e5 v\u00e4rldens ledare:\u00a0<\/strong><\/h4>\n<\/div>\n\n<div class=\"boxed\">\n<ul class=\"wp-block-list\"><li><strong>Vi m\u00e5ste beh\u00e5lla 1,5 gradersm\u00e5let inom r\u00e4ckh\u00e5ll.<\/strong> Utsl\u00e4ppen \u00f6kar fortfarande \u00f6ver hela v\u00e4rlden. Det m\u00e5ste f\u00e5 ett slut. Alla l\u00e4nder i v\u00e4rlden och alla sektorer m\u00e5ste kraftfullt och resolut h\u00f6ja sina ambitioner. F\u00f6r\u00e4ndringar som m\u00e5ste ske nu, under detta \u00e5rtionde. F\u00f6r de som redan drabbas \u00e4r klimatkrisen redan h\u00e4r. EU m\u00e5ste leda v\u00e4gen i klimatomst\u00e4llningen.<\/li><\/ul>\n<\/div>\n\n<div class=\"boxed\">\n<ul class=\"wp-block-list\"><li><strong>H\u00f6jda ambitioner betyder slutet f\u00f6r den fossila eran.<\/strong> Kolet och oljan m\u00e5ste stanna i marken. Den fossila eran ska f\u00f6rpassas till historien. En total utfasning av kol, olja och gas m\u00e5ste st\u00e5 h\u00f6gst upp p\u00e5 dagordningen. Vi m\u00e5ste \u00e4ven se \u00f6ver de finansiella systemen, subventionerna och investeringarna f\u00f6r att stoppa alla fl\u00f6den till fossila projekt. \u00c4ven h\u00e4r kan EU leda v\u00e4gen.&nbsp;<\/li><\/ul>\n<\/div>\n\n<div class=\"boxed\">\n<ul class=\"wp-block-list\"><li><strong>Fem\u00e5riga tidsramar.<\/strong> Parterna m\u00e5ste s\u00e4kerst\u00e4lla fem\u00e5riga klimatm\u00e5l f\u00f6r att vi ska kunna agera i tid. L\u00e4nder som inte anpassar sina \u00e5taganden utefter vad som kr\u00e4vs ska st\u00e4llas till svars. \u00c4ven inom EU finns l\u00e4nder som vill ha l\u00e4ngre tidsramar, vilket \u00e4r oacceptabelt.&nbsp;<\/li><\/ul>\n<\/div>\n\n<div class=\"boxed\">\n<ul class=\"wp-block-list\"><li><strong>Implementera artikel 6 i Parisavtalet med regler som utesluter dubbelr\u00e4kning och anv\u00e4ndning av gamla krediter fr\u00e5n Kyoto-perioden och som s\u00e4krar skydd av m\u00e4nskliga r\u00e4ttigheter.<\/strong> Artikel 6 handlar om att l\u00e4nderna ska samarbeta f\u00f6r att minska utsl\u00e4ppen genom marknads\u00adbaserade mekanismer. Det omfattar bland annat handel med utsl\u00e4pps\u00adminskningar. Tyv\u00e4rr \u00e4r m\u00e5nga av v\u00e4rldens st\u00f6rsta utsl\u00e4ppare starka kritiker till artikeln, och vill bygga in kryph\u00e5l och gr\u00e4dd\u00adfiler i reglerna, vilket f\u00f6ranledde att de rekordl\u00e5nga f\u00f6rhandlingarna under f\u00f6rra klimattoppm\u00f6tet avslutades utan framg\u00e5ng.&nbsp;<\/li><\/ul>\n<\/div>\n\n<div class=\"boxed\">\n<ul class=\"wp-block-list\"><li><strong>Alla konsekvenser kommer inte g\u00e5 att f\u00f6rhindra &#8211; vi beh\u00f6ver ordentligt st\u00f6d f\u00f6r att hantera det oundvikliga<\/strong> \u00c4ven om vi minskar utsl\u00e4ppen \u00e4r negativa konsekvenser av klimatf\u00f6r\u00e4ndringarna oundvikliga, s\u00e4rskild i l\u00e4nder som redan \u00e4r h\u00e5rt drabbade. En grupp som kallas \u201cthe Santiago network\u201d ska leda arbetet med hur vi ska minimera, undvika och \u00e5terh\u00e4mta sig fr\u00e5n skador och f\u00f6rluster med tekniskt st\u00f6d. Deras rekommendationer m\u00e5ste implementeras och tillr\u00e4ckliga resurser m\u00e5ste tillf\u00f6ras.<\/li><\/ul>\n<\/div>\n\n    <\/div>\n  <\/div>\n<\/div><\/div><div class=\"boxed\">\n\n<\/div><div class=\"boxed\">\n<div style=\"height:30px\" aria-hidden=\"true\" class=\"wp-block-spacer\"><\/div>\n<\/div><div class=\"boxed\">\n\n<\/div><div class=\"boxed\">\n<h3 class=\"has-dark-color has-text-color wp-block-heading\"><strong>EU:s egna klimatm\u00e5l m\u00e5ste h\u00f6jas innan vi pekar finger<\/strong><\/h3>\n<\/div><div class=\"boxed\">\n\n<\/div><div class=\"boxed\">\n<p>F\u00f6r ett par veckor sedan h\u00f6ll EU-kommissionens ordf\u00f6rande Ursula von der Leyen sitt \u00e5rliga tal till unionen. Det blev dessv\u00e4rre sm\u00e4rtsamt uppenbart att EU \u00e4r n\u00f6jda med sina nuvarande ambitioner. Att vi har gjort v\u00e5rt. Det kunde inte vara l\u00e4ngre fr\u00e5n sanningen. Hon s\u00e4ger sig vilja leva upp till Parisavtalet och pekar p\u00e5 allvaret i situationen i IPCC:s rapport, men om von der Leyen menar allvar med att lyssna p\u00e5 forskningen m\u00e5ste EU g\u00f6ra betydligt mer \u00e4n vi g\u00f6r idag.\u00a0<\/p>\n<\/div><div class=\"boxed\">\n\n<\/div><div class=\"boxed\">\n<p>F\u00f6r n\u00e4r medlemsstaternas nationella \u00e5taganden analyseras visar det att utsl\u00e4ppen snarare \u00f6kar. Alla l\u00e4nder m\u00e5ste l\u00e4mna in rapporter till FN inf\u00f6r toppm\u00f6tet f\u00f6r att visa hur de \u00e4mnar leva upp till Parisavtalets m\u00e5l. F\u00f6r att vara i linje med v\u00e5ra \u00e5taganden m\u00e5ste utsl\u00e4ppen till 2030 minska med 45 procent. N\u00e4r <a href=\"https:\/\/unfccc.int\/process-and-meetings\/the-paris-agreement\/nationally-determined-contributions-ndcs\/nationally-determined-contributions-ndcs\/ndc-synthesis-report\">NDC Synthesis Report<\/a> presenterades i september visade det sig att utsl\u00e4ppen ist\u00e4llet \u00f6kar med 16 procent. Det \u00e4r fullkomligt oacceptabelt. Enligt FN leder nuvarande nationella \u00e5taganden till 2,7 graders uppv\u00e4rmning till \u00e5r 2100.<\/p>\n<\/div><div class=\"boxed\">\n\n<\/div><div class=\"boxed\">\n<div style=\"height:20px\" aria-hidden=\"true\" class=\"wp-block-spacer\"><\/div>\n<\/div><div class=\"boxed\">\n\n<\/div><div class=\"boxed\">\n<h3 class=\"has-dark-color has-text-color wp-block-heading\"><strong>Misslyckandet \u00e4r ett faktum<\/strong><\/h3>\n<\/div><div class=\"boxed\">\n\n<\/div><div class=\"boxed\">\n<p>Ska EU kunna vara v\u00e4rldsledande i klimatomst\u00e4llningen m\u00e5ste v\u00e5ra klimatm\u00e5l h\u00f6jas. Enligt<a href=\"https:\/\/climateactiontracker.org\/countries\/eu\/\"> Climate Action Tracker skulle temperaturen stiga med tre grader till slutet av \u00e5rhundradet<\/a> om hela v\u00e4rlden antog v\u00e5r klimatpolitik. Det finns ingen mots\u00e4ttning, snarare tv\u00e4rtom, mot att andra l\u00e4nder ska g\u00f6ra mer. F\u00f6r varf\u00f6r ska l\u00e4nder som Kina, Australien och Brasilien g\u00f6ra mer om inte ens EU bedriver en trov\u00e4rdig klimatpolitik? Fiaskot fr\u00e5n Ursula von der Leyens tal till unionen kan inte vara hur EU ska uppfattas p\u00e5 COP26. Man ska inte kasta sten om man bor i ett glashus.<\/p>\n<\/div><div class=\"boxed\">\n\n<\/div><div class=\"boxed\">\n<div style=\"height:20px\" aria-hidden=\"true\" class=\"wp-block-spacer\"><\/div>\n<\/div><div class=\"boxed\">\n\n<\/div><div class=\"boxed\">\n<h3 class=\"has-dark-color has-text-color wp-block-heading\"><strong><strong>Klimatr\u00e4ttvisa nu<\/strong><\/strong><\/h3>\n<\/div><div class=\"boxed\">\n\n<\/div><div class=\"boxed\">\n<p>Sanningen \u00e4r att det \u00e4r vi i den rika delen av v\u00e4rlden som \u00e4r ansvariga f\u00f6r klimatkrisen.<a href=\"https:\/\/www.oxfam.org\/en\/press-releases\/carbon-emissions-richest-1-percent-more-double-emissions-poorest-half-humanity#:~:text=The%20richest%20one%20percent%20of,period%20of%20unprecedented%20emissions%20growth.\"> Den rikaste procenten i v\u00e4rlden sl\u00e4pper ut dubbelt s\u00e5 mycket som den fattigaste h\u00e4lften av jordens befolkning<\/a>. Det m\u00e5ste vara grunden i v\u00e5r klimatpolitik. <a href=\"https:\/\/www.carbonbrief.org\/in-depth-qa-what-is-climate-justice\">V\u00e4rldens fattiga och v\u00e4rldens unga b\u00e4r minst skuld, men drabbas v\u00e4rst av klimatf\u00f6r\u00e4ndringarna.&nbsp;<\/a><br>D\u00e4rf\u00f6r m\u00e5ste vi i den rika delen av v\u00e4rlden st\u00e5 f\u00f6r kostnaderna f\u00f6r omst\u00e4llningen i utvecklingsl\u00e4nder. Redan 2009 lovade den rika delen av v\u00e4rlden att varje \u00e5r bidra med 100 miljarder dollar i klimatfinansiering. Det l\u00f6ftet har aldrig uppfyllts. Milj\u00f6partiet i Sveriges regering har lyckats s\u00e4kerst\u00e4lla en f\u00f6rdubbling av klimatbist\u00e5ndet och vi gr\u00f6na k\u00e4mpar f\u00f6r att alla l\u00e4nder ska f\u00f6lja efter. Till 2023 vill vi att h\u00e4lften av dessa pengar ska g\u00e5 till klimatanpassning. <a href=\"https:\/\/www.un.org\/womenwatch\/feature\/climate_change\/downloads\/Women_and_Climate_Change_Factsheet.pdf\">Kvinnor \u00e4r s\u00e4rskilt utsatta och drabbas alltid h\u00e5rdast av kriser<\/a>. S\u00e5v\u00e4l Parisavtalets j\u00e4mst\u00e4lldhetsplan, som EU:s, m\u00e5ste vara i centrum vid utformningen av klimatpolitiken.<\/p>\n<\/div><div class=\"boxed\">\n\n<\/div><div class=\"boxed\">\n<div style=\"height:20px\" aria-hidden=\"true\" class=\"wp-block-spacer\"><\/div>\n<\/div><div class=\"boxed\">\n\n<\/div><div class=\"boxed\">\n<p class=\"has-green-dark-color has-text-color\">P\u00e4r Holmgren, EU-parlamentariker f\u00f6r Milj\u00f6partiet de gr\u00f6na och officiell delegat till klimattoppm\u00f6tet COP26 i Glasgow.<\/p>\n<\/div>","protected":false},"excerpt":{"rendered":"<p>Var en del av f\u00f6r\u00e4ndringen p\u00e5 COP26<\/p>\n","protected":false},"author":2,"featured_media":621,"comment_status":"closed","ping_status":"open","sticky":false,"template":"","format":"standard","meta":{"_acf_changed":false,"mp_greens_extranet_document_id":9380,"mp_greens_extranet_translation_id":6466,"mp_greens_extranet_lang":"sv","footnotes":""},"categories":[1],"tags":[],"class_list":["post-668","post","type-post","status-publish","format-standard","has-post-thumbnail","hentry","category-allgemein"],"acf":[],"yoast_head":"<!-- This site is optimized with the Yoast SEO plugin v25.8 - https:\/\/yoast.com\/wordpress\/plugins\/seo\/ -->\n<title>Klimatomst\u00e4llningen har bara b\u00f6rjat - var en del av f\u00f6r\u00e4ndringen - Greens\/EFA<\/title>\n<meta name=\"description\" content=\"Var en del av f\u00f6r\u00e4ndringen p\u00e5 COP26\" \/>\n<meta name=\"robots\" content=\"index, follow, max-snippet:-1, max-image-preview:large, max-video-preview:-1\" \/>\n<link rel=\"canonical\" href=\"https:\/\/www.greens-efa.eu\/opinions\/klimatomstallningen-har-bara-borjat-var-en-del-av-forandringen\/\" \/>\n<meta property=\"og:locale\" content=\"en_US\" \/>\n<meta property=\"og:type\" content=\"article\" \/>\n<meta property=\"og:title\" content=\"Klimatomst\u00e4llningen har bara b\u00f6rjat - var en del av f\u00f6r\u00e4ndringen\" \/>\n<meta property=\"og:description\" content=\"Var en del av f\u00f6r\u00e4ndringen p\u00e5 COP26\" \/>\n<meta property=\"og:url\" content=\"https:\/\/www.greens-efa.eu\/opinions\/klimatomstallningen-har-bara-borjat-var-en-del-av-forandringen\/\" \/>\n<meta property=\"og:site_name\" content=\"Greens\/EFA\" \/>\n<meta property=\"article:published_time\" content=\"2021-10-21T16:03:24+00:00\" \/>\n<meta property=\"article:modified_time\" content=\"2021-10-27T16:15:36+00:00\" \/>\n<meta property=\"og:image\" content=\"https:\/\/www.greens-efa.eu\/opinions\/wp-content\/uploads\/2021\/10\/smog-czechr-flickr.com_-scaled-e1634651196512.jpg\" \/>\n\t<meta property=\"og:image:width\" content=\"2560\" \/>\n\t<meta property=\"og:image:height\" content=\"1081\" \/>\n\t<meta property=\"og:image:type\" content=\"image\/jpeg\" \/>\n<meta name=\"author\" content=\"Greens Efa\" \/>\n<meta name=\"twitter:card\" content=\"summary_large_image\" \/>\n<meta name=\"twitter:title\" content=\"Klimatomst\u00e4llningen har bara b\u00f6rjat - var en del av f\u00f6r\u00e4ndringen\" \/>\n<meta name=\"twitter:description\" content=\"Var en del av f\u00f6r\u00e4ndringen p\u00e5 COP26\" \/>\n<meta name=\"twitter:image\" content=\"https:\/\/www.greens-efa.eu\/opinions\/wp-content\/uploads\/2021\/10\/smog-czechr-flickr.com_-scaled-e1634651196512.jpg\" \/>\n<meta name=\"twitter:label1\" content=\"Written by\" \/>\n\t<meta name=\"twitter:data1\" content=\"Greens\/EFA MEP P\u00e4r Holmgren\" \/>\n\t<meta name=\"twitter:label2\" content=\"Est. reading time\" \/>\n\t<meta name=\"twitter:data2\" content=\"5 minutes\" \/>\n<script type=\"application\/ld+json\" class=\"yoast-schema-graph\">{\"@context\":\"https:\/\/schema.org\",\"@graph\":[{\"@type\":\"WebPage\",\"@id\":\"https:\/\/www.greens-efa.eu\/opinions\/klimatomstallningen-har-bara-borjat-var-en-del-av-forandringen\/\",\"url\":\"https:\/\/www.greens-efa.eu\/opinions\/klimatomstallningen-har-bara-borjat-var-en-del-av-forandringen\/\",\"name\":\"Klimatomst\u00e4llningen har bara b\u00f6rjat - var en del av f\u00f6r\u00e4ndringen - Greens\/EFA\",\"isPartOf\":{\"@id\":\"https:\/\/www.greens-efa.eu\/opinions\/#website\"},\"primaryImageOfPage\":{\"@id\":\"https:\/\/www.greens-efa.eu\/opinions\/klimatomstallningen-har-bara-borjat-var-en-del-av-forandringen\/#primaryimage\"},\"image\":{\"@id\":\"https:\/\/www.greens-efa.eu\/opinions\/klimatomstallningen-har-bara-borjat-var-en-del-av-forandringen\/#primaryimage\"},\"thumbnailUrl\":\"https:\/\/www.greens-efa.eu\/opinions\/wp-content\/uploads\/2021\/10\/windmill_climate@constantine-fountos-scaled-e1634827114325.jpg\",\"datePublished\":\"2021-10-21T16:03:24+00:00\",\"dateModified\":\"2021-10-27T16:15:36+00:00\",\"author\":{\"@id\":\"https:\/\/www.greens-efa.eu\/opinions\/#\/schema\/person\/6f5d24fa3125df11bace805d34a99ee3\"},\"description\":\"Var en del av f\u00f6r\u00e4ndringen p\u00e5 COP26\",\"breadcrumb\":{\"@id\":\"https:\/\/www.greens-efa.eu\/opinions\/klimatomstallningen-har-bara-borjat-var-en-del-av-forandringen\/#breadcrumb\"},\"inLanguage\":\"en-US\",\"potentialAction\":[{\"@type\":\"ReadAction\",\"target\":[\"https:\/\/www.greens-efa.eu\/opinions\/klimatomstallningen-har-bara-borjat-var-en-del-av-forandringen\/\"]}]},{\"@type\":\"ImageObject\",\"inLanguage\":\"en-US\",\"@id\":\"https:\/\/www.greens-efa.eu\/opinions\/klimatomstallningen-har-bara-borjat-var-en-del-av-forandringen\/#primaryimage\",\"url\":\"https:\/\/www.greens-efa.eu\/opinions\/wp-content\/uploads\/2021\/10\/windmill_climate@constantine-fountos-scaled-e1634827114325.jpg\",\"contentUrl\":\"https:\/\/www.greens-efa.eu\/opinions\/wp-content\/uploads\/2021\/10\/windmill_climate@constantine-fountos-scaled-e1634827114325.jpg\",\"width\":2560,\"height\":818,\"caption\":\"@constantine-fountos\"},{\"@type\":\"BreadcrumbList\",\"@id\":\"https:\/\/www.greens-efa.eu\/opinions\/klimatomstallningen-har-bara-borjat-var-en-del-av-forandringen\/#breadcrumb\",\"itemListElement\":[{\"@type\":\"ListItem\",\"position\":1,\"name\":\"Startseite\",\"item\":\"https:\/\/www.greens-efa.eu\/opinions\/\"},{\"@type\":\"ListItem\",\"position\":2,\"name\":\"Klimatomst\u00e4llningen har bara b\u00f6rjat &#8211; var en del av f\u00f6r\u00e4ndringen\"}]},{\"@type\":\"WebSite\",\"@id\":\"https:\/\/www.greens-efa.eu\/opinions\/#website\",\"url\":\"https:\/\/www.greens-efa.eu\/opinions\/\",\"name\":\"Greens\/EFA\",\"description\":\"\",\"potentialAction\":[{\"@type\":\"SearchAction\",\"target\":{\"@type\":\"EntryPoint\",\"urlTemplate\":\"https:\/\/www.greens-efa.eu\/opinions\/?s={search_term_string}\"},\"query-input\":{\"@type\":\"PropertyValueSpecification\",\"valueRequired\":true,\"valueName\":\"search_term_string\"}}],\"inLanguage\":\"en-US\"}]}<\/script>\n<!-- \/ Yoast SEO plugin. -->","yoast_head_json":{"title":"Klimatomst\u00e4llningen har bara b\u00f6rjat - var en del av f\u00f6r\u00e4ndringen - Greens\/EFA","description":"Var en del av f\u00f6r\u00e4ndringen p\u00e5 COP26","robots":{"index":"index","follow":"follow","max-snippet":"max-snippet:-1","max-image-preview":"max-image-preview:large","max-video-preview":"max-video-preview:-1"},"canonical":"https:\/\/www.greens-efa.eu\/opinions\/klimatomstallningen-har-bara-borjat-var-en-del-av-forandringen\/","og_locale":"en_US","og_type":"article","og_title":"Klimatomst\u00e4llningen har bara b\u00f6rjat - var en del av f\u00f6r\u00e4ndringen","og_description":"Var en del av f\u00f6r\u00e4ndringen p\u00e5 COP26","og_url":"https:\/\/www.greens-efa.eu\/opinions\/klimatomstallningen-har-bara-borjat-var-en-del-av-forandringen\/","og_site_name":"Greens\/EFA","article_published_time":"2021-10-21T16:03:24+00:00","article_modified_time":"2021-10-27T16:15:36+00:00","og_image":[{"width":2560,"height":1081,"url":"https:\/\/www.greens-efa.eu\/opinions\/wp-content\/uploads\/2021\/10\/smog-czechr-flickr.com_-scaled-e1634651196512.jpg","type":"image\/jpeg"}],"author":"Greens Efa","twitter_card":"summary_large_image","twitter_title":"Klimatomst\u00e4llningen har bara b\u00f6rjat - var en del av f\u00f6r\u00e4ndringen","twitter_description":"Var en del av f\u00f6r\u00e4ndringen p\u00e5 COP26","twitter_image":"https:\/\/www.greens-efa.eu\/opinions\/wp-content\/uploads\/2021\/10\/smog-czechr-flickr.com_-scaled-e1634651196512.jpg","twitter_misc":{"Written by":"Greens\/EFA MEP P\u00e4r Holmgren","Est. reading time":"5 minutes"},"schema":{"@context":"https:\/\/schema.org","@graph":[{"@type":"WebPage","@id":"https:\/\/www.greens-efa.eu\/opinions\/klimatomstallningen-har-bara-borjat-var-en-del-av-forandringen\/","url":"https:\/\/www.greens-efa.eu\/opinions\/klimatomstallningen-har-bara-borjat-var-en-del-av-forandringen\/","name":"Klimatomst\u00e4llningen har bara b\u00f6rjat - var en del av f\u00f6r\u00e4ndringen - Greens\/EFA","isPartOf":{"@id":"https:\/\/www.greens-efa.eu\/opinions\/#website"},"primaryImageOfPage":{"@id":"https:\/\/www.greens-efa.eu\/opinions\/klimatomstallningen-har-bara-borjat-var-en-del-av-forandringen\/#primaryimage"},"image":{"@id":"https:\/\/www.greens-efa.eu\/opinions\/klimatomstallningen-har-bara-borjat-var-en-del-av-forandringen\/#primaryimage"},"thumbnailUrl":"https:\/\/www.greens-efa.eu\/opinions\/wp-content\/uploads\/2021\/10\/windmill_climate@constantine-fountos-scaled-e1634827114325.jpg","datePublished":"2021-10-21T16:03:24+00:00","dateModified":"2021-10-27T16:15:36+00:00","author":{"@id":"https:\/\/www.greens-efa.eu\/opinions\/#\/schema\/person\/6f5d24fa3125df11bace805d34a99ee3"},"description":"Var en del av f\u00f6r\u00e4ndringen p\u00e5 COP26","breadcrumb":{"@id":"https:\/\/www.greens-efa.eu\/opinions\/klimatomstallningen-har-bara-borjat-var-en-del-av-forandringen\/#breadcrumb"},"inLanguage":"en-US","potentialAction":[{"@type":"ReadAction","target":["https:\/\/www.greens-efa.eu\/opinions\/klimatomstallningen-har-bara-borjat-var-en-del-av-forandringen\/"]}]},{"@type":"ImageObject","inLanguage":"en-US","@id":"https:\/\/www.greens-efa.eu\/opinions\/klimatomstallningen-har-bara-borjat-var-en-del-av-forandringen\/#primaryimage","url":"https:\/\/www.greens-efa.eu\/opinions\/wp-content\/uploads\/2021\/10\/windmill_climate@constantine-fountos-scaled-e1634827114325.jpg","contentUrl":"https:\/\/www.greens-efa.eu\/opinions\/wp-content\/uploads\/2021\/10\/windmill_climate@constantine-fountos-scaled-e1634827114325.jpg","width":2560,"height":818,"caption":"@constantine-fountos"},{"@type":"BreadcrumbList","@id":"https:\/\/www.greens-efa.eu\/opinions\/klimatomstallningen-har-bara-borjat-var-en-del-av-forandringen\/#breadcrumb","itemListElement":[{"@type":"ListItem","position":1,"name":"Startseite","item":"https:\/\/www.greens-efa.eu\/opinions\/"},{"@type":"ListItem","position":2,"name":"Klimatomst\u00e4llningen har bara b\u00f6rjat &#8211; var en del av f\u00f6r\u00e4ndringen"}]},{"@type":"WebSite","@id":"https:\/\/www.greens-efa.eu\/opinions\/#website","url":"https:\/\/www.greens-efa.eu\/opinions\/","name":"Greens\/EFA","description":"","potentialAction":[{"@type":"SearchAction","target":{"@type":"EntryPoint","urlTemplate":"https:\/\/www.greens-efa.eu\/opinions\/?s={search_term_string}"},"query-input":{"@type":"PropertyValueSpecification","valueRequired":true,"valueName":"search_term_string"}}],"inLanguage":"en-US"}]}},"_links":{"self":[{"href":"https:\/\/www.greens-efa.eu\/opinions\/wp-json\/wp\/v2\/posts\/668","targetHints":{"allow":["GET"]}}],"collection":[{"href":"https:\/\/www.greens-efa.eu\/opinions\/wp-json\/wp\/v2\/posts"}],"about":[{"href":"https:\/\/www.greens-efa.eu\/opinions\/wp-json\/wp\/v2\/types\/post"}],"author":[{"embeddable":true,"href":"https:\/\/www.greens-efa.eu\/opinions\/wp-json\/wp\/v2\/users\/2"}],"replies":[{"embeddable":true,"href":"https:\/\/www.greens-efa.eu\/opinions\/wp-json\/wp\/v2\/comments?post=668"}],"version-history":[{"count":12,"href":"https:\/\/www.greens-efa.eu\/opinions\/wp-json\/wp\/v2\/posts\/668\/revisions"}],"predecessor-version":[{"id":943,"href":"https:\/\/www.greens-efa.eu\/opinions\/wp-json\/wp\/v2\/posts\/668\/revisions\/943"}],"wp:featuredmedia":[{"embeddable":true,"href":"https:\/\/www.greens-efa.eu\/opinions\/wp-json\/wp\/v2\/media\/621"}],"wp:attachment":[{"href":"https:\/\/www.greens-efa.eu\/opinions\/wp-json\/wp\/v2\/media?parent=668"}],"wp:term":[{"taxonomy":"category","embeddable":true,"href":"https:\/\/www.greens-efa.eu\/opinions\/wp-json\/wp\/v2\/categories?post=668"},{"taxonomy":"post_tag","embeddable":true,"href":"https:\/\/www.greens-efa.eu\/opinions\/wp-json\/wp\/v2\/tags?post=668"}],"curies":[{"name":"wp","href":"https:\/\/api.w.org\/{rel}","templated":true}]}}