{"id":8199,"date":"2023-12-18T10:11:50","date_gmt":"2023-12-18T09:11:50","guid":{"rendered":"https:\/\/www.greens-efa.eu\/opinions\/?p=8199"},"modified":"2023-12-18T11:13:19","modified_gmt":"2023-12-18T10:13:19","slug":"eu-waldbeobachtungsgesetz","status":"publish","type":"post","link":"https:\/\/www.greens-efa.eu\/opinions\/eu-waldbeobachtungsgesetz\/","title":{"rendered":"Das EU-waldbeobachtungsgesetz \u2013 Zeit, die Geheimnisse unserer W\u00e4lder zu l\u00fcften"},"content":{"rendered":"<div class=\"boxed\">\n<p><em>Ohne unsere heimischen W\u00e4lder k\u00f6nnen wir weder unsere Artenvielfalt erhalten noch den Kampf gegen die Klimakrise gewinnen. Doch um unsere W\u00e4lder wiederzubeleben und zu sch\u00fctzen, brauchen wir mehr Wissen. Wir m\u00fcssen kennen, was wir sch\u00fctzen wollen.<\/em><\/p>\n<\/div><div class=\"boxed\">\n\n<\/div><div class=\"boxed\">\n<p><em>Deshalb begr\u00fc\u00dfen die Gr\u00fcnen\/EFA den <\/em><a href=\"https:\/\/eur-lex.europa.eu\/legal-content\/DE\/TXT\/?uri=celex%3A52023PC0728\"><em>Vorschlag der Europ\u00e4ischen Kommission f\u00fcr ein Waldbeobachtungsgesetz<\/em><\/a><em>. Einige Verbesserungen sind n\u00f6tig, aber am wichtigsten ist, dass die Verhandlungen \u00fcber das Gesetz jetzt schnell voranschreiten, argumentiert unsere Europaabgeordnete <\/em><em>Anna Deparnay-Grunenberg<\/em><em>.<\/em><\/p>\n<\/div><div class=\"boxed\">\n\n<\/div><div class=\"boxed\">\n<h3 class=\"wp-block-heading\"><strong>W\u00e4lder liefern nicht nur Holz, sondern auch die Luft, die wir atmen<\/strong><\/h3>\n<\/div><div class=\"boxed\">\n\n<\/div><div class=\"boxed\">\n<p>Die meisten unserer W\u00e4lder dienen der Holzproduktion. In diesen \u201eWirtschaftsw\u00e4ldern\u201c geht es vor allem darum, den Holzertrag zu maximieren. Dadurch verlieren sie ihre Artenvielfalt und ihre F\u00e4higkeit, Kohlenstoff aufzunehmen und langfristig zu speichern. Wir brauchen jedoch unsere<a href=\"https:\/\/www.greens-efa.eu\/dossier\/the-eu-must-protect-its-forests-not-destroy-them\/\"> <\/a><a href=\"https:\/\/www.greens-efa.eu\/dossier\/the-eu-must-protect-its-forests-not-destroy-them\/\">W\u00e4lder als \u201eKohlenstoffsenken\u201c<\/a>, um bis 2050 die Klimaneutralit\u00e4t in Europa zu erreichen.<\/p>\n<\/div><div class=\"boxed\">\n\n<\/div><div class=\"boxed\">\n<p>Auch der Holzertrag leidet, weil die geschw\u00e4chten \u00d6kosysteme den klimabedingten Belastungen wie Hitze, St\u00fcrmen und D\u00fcrren nicht standhalten k\u00f6nnen.<a href=\"https:\/\/www.eea.europa.eu\/publications\/european-forest-ecosystems-key-allies\"> <\/a><a href=\"https:\/\/www.eea.europa.eu\/publications\/european-forest-ecosystems-key-allies\">Waldbr\u00e4nde, St\u00fcrme, Sch\u00e4dlinge und Krankheiten<\/a> f\u00fchren dazu, dass immer mehr B\u00e4ume absterben, Ertr\u00e4ge und Einkommen gehen zur\u00fcck.<\/p>\n<\/div><div class=\"boxed\">\n\n<\/div><div class=\"boxed\">\n<p>Wir m\u00fcssen unsere W\u00e4lder heilen, so dass sie unsere Artenvielfalt erhalten und unser Klima regulieren k\u00f6nnen. Vergessen wir nicht, dass unsere W\u00e4lder uns auch vor Bodenerosion und \u00dcberschwemmungen sch\u00fctzen, Luft und Wasser reinigen, und das Wasser in der Landschaft halten. Gesunde W\u00e4lder sind unsere beste Versicherung gegen klimabedingte Extremwetterereignisse wie Hitze und D\u00fcrre.<\/p>\n<\/div><div class=\"boxed\">\n\n<\/div><div class=\"boxed\">\n<h3 class=\"wp-block-heading\"><a><\/a><strong>Wertvolle Naturw\u00e4lder verschwinden<\/strong><\/h3>\n<\/div><div class=\"boxed\">\n\n<\/div><div class=\"boxed\">\n<p>Nur in wenigen W\u00e4ldern k\u00f6nnen nat\u00fcrliche Abl\u00e4ufe ohne Einflussnahme des Menschen ablaufen. Wir nennen sie \u201ePrim\u00e4rw\u00e4lder\u201c oder \u201eAltw\u00e4lder\u201c, wenn sie viele Jahre nicht abgeholzt wurden und einen nahezu urwaldartigen Zustand erreicht haben. Experten sch\u00e4tzen, dass<a href=\"https:\/\/publications.jrc.ec.europa.eu\/repository\/handle\/JRC124671\"> <\/a><a href=\"https:\/\/publications.jrc.ec.europa.eu\/repository\/handle\/JRC124671\">weniger als 3 Prozent unserer W\u00e4lder<\/a> von einer solchen Qualit\u00e4t sind. Doch bis heute wissen wir nicht genau, wo sie sich befinden und wo sie vom Holzeinschlag bedroht sind.<\/p>\n<\/div><div class=\"boxed\">\n\n<\/div><div class=\"boxed\">\n<p>Diese W\u00e4lder, in denen die \u00d6kosysteme intakt sind und die Kohlenstoffkreisl\u00e4ufe uneingeschr\u00e4nkt funktionieren, m\u00fcssen wir dringend sch\u00fctzen.<\/p>\n<\/div><div class=\"boxed\">\n\n<\/div><div class=\"boxed\">\n<h3 class=\"wp-block-heading\"><a><\/a><strong>Was wissen wir \u00fcber die W\u00e4lder in Europa?<\/strong><\/h3>\n<\/div><div class=\"boxed\">\n\n<\/div><div class=\"boxed\">\n<p>Wenn Regierungen Daten \u00fcber unsere W\u00e4lder erheben, geht es meistens um die Holzproduktion. Da unsere W\u00e4lder bislang weitgehend als \u201eHolzproduktionsfl\u00e4chen\u201c galten, wurden andere<a href=\"https:\/\/www.ipbes.net\/global-assessment\"> <\/a><a href=\"https:\/\/www.ipbes.net\/global-assessment\">wertvolle \u201eDienstleistungen\u201c der Wald\u00f6kosysteme<\/a> weitgehend vernachl\u00e4ssigt. So kennen wir die Fl\u00e4che unserer W\u00e4lder, und wir wissen, wie viel Holz sich in ihnen befindet (\u201eHolzvorrat\u201c). Wir wissen auch, wie viel Holz geerntet wird und welche Baumarten gepflanzt werden.<\/p>\n<\/div><div class=\"boxed\">\n\n<\/div><div class=\"boxed\">\n<p>Viele dieser Informationen sind in unseren<a href=\"https:\/\/www.thuenen.de\/en\/thuenen-topics\/forests\/the-german-national-forest-inventory\"> <\/a><a href=\"https:\/\/www.thuenen.de\/en\/thuenen-topics\/forests\/the-german-national-forest-inventory\">nationalen Waldinventuren<\/a> enthalten. Diese Erhebungen haben jedoch ihre Grenzen. In Deutschland beispielsweise wird die Bundeswaldinventur nur alle zehn Jahre durchgef\u00fchrt und basiert auf Stichproben.<\/p>\n<\/div><div class=\"boxed\">\n\n<\/div><div class=\"boxed\">\n<p>Wenig Aufschluss geben uns die bestehenden Erhebungen allerdings \u00fcber die Artenvielfalt in unseren W\u00e4ldern, etwa \u00fcber die Anzahl alter und seltener B\u00e4ume, die Nat\u00fcrlichkeit der Baumartenzusammensetzung oder das Vorkommen weiterer Pflanzenarten. Wenn solche Daten vorhanden sind, sind sie aufgrund verschiedener Methoden und Definitionen nicht unbedingt zwischen den L\u00e4ndern vergleichbar.<\/p>\n<\/div><div class=\"boxed\">\n\n<\/div><div class=\"boxed\">\n<p>Au\u00dferdem m\u00fcssen die nationalen Datens\u00e4tze nicht immer \u00f6ffentlich verf\u00fcgbar sein. Dies f\u00fchrt zu Situationen, in denen verschiedene Interessengruppen widerspr\u00fcchliche Datens\u00e4tze pr\u00e4sentieren und Entscheidungstr\u00e4ger letztlich f\u00fcr sich entscheiden m\u00fcssen, welchen Informationen sie vertrauen m\u00f6chten.<\/p>\n<\/div><div class=\"boxed\">\n\n<\/div><div class=\"boxed\">\n<p>NGOs und Wissenschaftler*innen kartieren bereits W\u00e4lder mithilfe von Satellitendaten und Expertenbeobachtungen. Gute Beispiele sind<a href=\"https:\/\/www.greens-efa.eu\/en\/article\/event\/forests-hidden-secrets\"> <\/a><a href=\"https:\/\/www.greens-efa.eu\/en\/article\/event\/forests-hidden-secrets\">Global Forest Watch und die Naturwald Akademie<\/a>. Mets\u00e4, ein gro\u00dfes Unternehmen aus Finnland, entwickelt derzeit ein System zur \u00dcberwachung von Sturm- und Insektensch\u00e4den, das<a href=\"https:\/\/www.metsagroup.com\/metsaforest\/news-and-publications\/releases\/2022\/metsa-group-and-collectivecrunch-are-developing-an-ai-application-for-identifying-storm-and-insect-damage\/\"> <\/a><a href=\"https:\/\/www.metsagroup.com\/metsaforest\/news-and-publications\/releases\/2022\/metsa-group-and-collectivecrunch-are-developing-an-ai-application-for-identifying-storm-and-insect-damage\/\">auf k\u00fcnstlicher Intelligenz basiert<\/a>.<\/p>\n<\/div><div class=\"boxed\">\n\n<\/div><div class=\"boxed\">\n<h3 class=\"wp-block-heading\"><a><\/a><strong>Was hat die Europ\u00e4ische Kommission vorgeschlagen?<\/strong><\/h3>\n<\/div><div class=\"boxed\">\n\n<\/div><div class=\"boxed\">\n<p>Der <a href=\"https:\/\/eur-lex.europa.eu\/legal-content\/DE\/TXT\/?uri=celex%3A52023PC0728\">Gesetzesvorschlag<\/a><a href=\"https:\/\/eur-lex.europa.eu\/legal-content\/DE\/TXT\/?uri=celex%3A52023PC0728\"> <\/a>sieht vor, dass die Europ\u00e4ische Kommission zusammen mit den Regierungen der EU-Mitgliedsl\u00e4nder Daten \u00fcber 22 Indikatoren sammeln &#8211; vom gesamten Waldgebiet bis hin zur Zusammensetzung und Vielfalt der Baumarten. Die Kommission w\u00fcrde mittels Satellitentechnologie standardisierte und fl\u00e4chendeckende Daten \u00fcber alle 27 EU-L\u00e4nder erheben. Erg\u00e4nzend w\u00fcrden die nationalen Regierungen Daten aus Bodenuntersuchungen beisteuern, die zwischen den L\u00e4ndern vergleichbar sind. Die H\u00e4ufigkeit der Datenerhebung w\u00fcrde je nach Indikator zwischen einer Woche und sechs Jahren variieren.<\/p>\n<\/div><div class=\"boxed\">\n\n<\/div><div class=\"boxed\">\n<p>Die Regierungen w\u00fcrden zudem verpflichtet, bis zum 1. Januar 2028 den Standort ihrer Prim\u00e4r- und Urw\u00e4lder zu kartieren (und zu teilen). Sie m\u00fcssten auch die in der Fauna-Flora-Habitat-Richtlinie definierten Waldlebensr\u00e4ume kartieren. Dies m\u00fcsste zun\u00e4chst innerhalb von EU-Schutzgebieten geschehen, dann auch au\u00dferhalb. Alle Daten w\u00fcrden in einem maschinenlesbaren Format ver\u00f6ffentlicht.<\/p>\n<\/div><div class=\"boxed\">\n\n<\/div><div class=\"boxed\">\n<p>Dar\u00fcber hinaus w\u00fcrden die Regierungen ermutigt \u2013 aber nicht dazu verpflichtet \u2013, integrierte, langfristige Waldpl\u00e4ne auf der Grundlage einer EU-Vorlage aufzustellen.<\/p>\n<\/div><div class=\"boxed\">\n\n<\/div><div class=\"boxed\">\n<h3 class=\"wp-block-heading\"><a><\/a><strong>Forstunternehmen wollen Umweltsch\u00e4den verbergen<\/strong><\/h3>\n<\/div><div class=\"boxed\">\n\n<\/div><div class=\"boxed\">\n<p>Einige Regierungen und m\u00e4chtige Industrieverb\u00e4nde scheinen besorgt dar\u00fcber zu sein, was das neue \u00dcberwachungssystem offenbaren k\u00f6nnte. Sie wollen weiterhin unsere europ\u00e4ischen W\u00e4lder, und sogar Altw\u00e4lder, kahlschlagen. Es kommt ihnen entgegen, dass die Daten l\u00fcckenhaft sind und die Abholzung oft unbemerkt bleibt.<\/p>\n<\/div><div class=\"boxed\">\n\n<\/div><div class=\"boxed\">\n<p>So stellten Schwedens und Finnlands Premierminister schon vor der Ver\u00f6ffentlichung des Vorschlags den Mehrwert des Waldgesetzes in Frage. Sie argumentieren, dass es nur die Kosten erh\u00f6hen und bestehende Berichtspflichten unn\u00f6tig doppeln wird.<\/p>\n<\/div><div class=\"boxed\">\n\n<\/div><div class=\"boxed\">\n<p>Dabei ist das Zusammentragen und Ver\u00f6ffentlichen aktueller und detaillierter Walddaten keine Belastung, sondern eine Investition in unsere Zukunft.<\/p>\n<\/div><div class=\"boxed\">\n\n<\/div><div class=\"boxed\">\n<p>Eine EU-weite Waldbeobachtung kann unseren Regierungen, Waldbesitzern, forstbasierten Industrien, Investoren und Versicherern genau die Informationen liefern, die sie brauchen, um ihre Fortschritte bei der Erreichung unserer Klima- und Biodiversit\u00e4tsziele zu verfolgen. Mehrere EU-Gesetze st\u00fctzen sich auf solche Daten, darunter die Vorschriften \u00fcber Emissionen aus Landnutzung, Landnutzungs\u00e4nderungen und Forstwirtschaft (LULUCF) und die Fauna-Flora-Habitat-Richtlinie.<\/p>\n<\/div><div class=\"boxed\">\n\n<\/div><div class=\"boxed\">\n<p>Die systematische, EU-weite Waldbeobachtung wird uns sowohl bei der<a href=\"https:\/\/www.greens-efa.eu\/en\/article\/study\/ecological-forestry-in-europe-9933\"> <\/a><a href=\"https:\/\/www.greens-efa.eu\/en\/article\/study\/ecological-forestry-in-europe-9933\">Bewirtschaftung unserer \u201eWirtschaftsw\u00e4lder\u201c<\/a> als auch beim strikten Schutz unserer verbleibenden Ur- und Altw\u00e4lder unterst\u00fctzen. Nicht zuletzt wird eine einheitliche Waldbeobachtung auch aufzeigen, wo besonders naturnah gewirtschaftet wird und uns somit helfen, Waldbesitzer f\u00fcr die \u201e\u00d6kosystemleistungen\u201c zu entsch\u00e4digen, die uns ihre W\u00e4lder \u00fcber die Holzproduktion hinaus erbringen.<\/p>\n<\/div><div class=\"boxed\">\n\n<\/div><div class=\"boxed\">\n<h3 class=\"wp-block-heading\"><a><\/a><strong>Keine Zeit zu verlieren \u2013 machen wir den Weg frei f\u00fcr ein EU-Waldbeobachtungsgesetz<\/strong><\/h3>\n<\/div><div class=\"boxed\">\n\n<\/div><div class=\"boxed\">\n<p>Um unsere \u00fcbernutzten, gesch\u00e4digten W\u00e4lder zu revitalisieren und unsere verbliebenen Naturw\u00e4lder effektiv zu sch\u00fctzen, brauchen wir ein gutes Verst\u00e4ndnis dar\u00fcber, was vorhanden ist und was stattdessen vorhanden sein k\u00f6nnte.<\/p>\n<\/div><div class=\"boxed\">\n\n<\/div><div class=\"boxed\">\n<p>Um weitere Sch\u00e4den an unseren W\u00e4ldern abzuwenden, sollten die neuen \u00dcberwachungspflichten so schnell wie m\u00f6glich eingef\u00fchrt werden. Der Standort der wertvollen Ur- und Altw\u00e4lder sollte bereits 2025 ver\u00f6ffentlicht werden, wie in den <a href=\"https:\/\/ec.europa.eu\/transparency\/documents-register\/detail?ref=SWD(2023)62&amp;lang=en\">entsprechenden Leitlinien der Kommission<\/a> vorgesehen. Nicht nur die Kommission und nationale Beh\u00f6rden, sondern auch unabh\u00e4ngige Experten sollten einbezogen werden.<\/p>\n<\/div><div class=\"boxed\">\n\n<\/div><div class=\"boxed\">\n<p>Die EU muss jetzt schnell handeln, um dieses Gesetz zusammen mit dem vorgeschlagenen <a href=\"https:\/\/eur-lex.europa.eu\/legal-content\/DE\/TXT\/?uri=CELEX%3A52023PC0416\">EU-Gesetz zur Boden\u00fcberwachung<\/a> fertigzustellen. So k\u00f6nnen wir die Ziele erreichen, die wir uns in der EU und weltweit bis 2030 gesetzt haben.<\/p>\n<\/div><div class=\"boxed\">\n\n<\/div><div class=\"boxed\">\n<div style=\"height:10px\" aria-hidden=\"true\" class=\"wp-block-spacer\"><\/div>\n<\/div><div class=\"boxed\">\n\n<\/div><div class=\"boxed\">\n<div class=\"wp-block-buttons is-layout-flex wp-block-buttons-is-layout-flex\"><div class=\"boxed\">\n<div class=\"wp-block-button aligncenter has-custom-font-size\" style=\"font-size:16px\"><a class=\"wp-block-button__link has-green-dark-background-color has-background\">Erkl\u00e4re deine Liebe zur Natur. Schau hier, was du tun kannst<\/a><\/div>\n<\/div><\/div>\n<\/div><div class=\"boxed\">\n\n<\/div><div class=\"lazyblock-box-1tQPFU wp-block-lazyblock-box\"><div id=\"lazyblock-id-1tQPFU\" class=\"boxed pull-sidebar\">\n  <div class=\"color-def content skew \" style=\"background-color: #00b400; max-width: 100%; \">\n    <div class=\"skew-reset\">\n      \n<div class=\"boxed\">\n<h2 class=\"wp-block-heading\">Stay up to date<\/h2>\n<\/div>\n\n<div class=\"boxed\">\n<link href=\"https:\/\/actionnetwork.org\/css\/style-embed-whitelabel-v3.css\" rel=\"stylesheet\" type=\"text\/css\"><script src=\"https:\/\/actionnetwork.org\/widgets\/v5\/form\/we-love-nature?format=js&amp;source=widget\"><\/script><div id=\"can-form-area-we-love-nature\" style=\"width: 300px\"><!-- this div is the target for our HTML insertion --><\/div>\n<\/div>\n\n    <\/div>\n  <\/div>\n<\/div>\n<style type=\"text\/css\">\n  #lazyblock-id-1tQPFU .content {\n\t  color: #fff;\n\t}\n<\/style><\/div>","protected":false},"excerpt":{"rendered":"<p>Die W\u00e4lder in Europa sind wertvolle \u00d6kosysteme und helfen uns gegen den Klimawandel. Aber wir m\u00fcssen mehr wissen, um sie zu sch\u00fctzen.<\/p>\n","protected":false},"author":2,"featured_media":7773,"comment_status":"closed","ping_status":"open","sticky":false,"template":"","format":"standard","meta":{"_acf_changed":false,"mp_greens_extranet_document_id":10236,"mp_greens_extranet_translation_id":7037,"mp_greens_extranet_lang":"de","footnotes":""},"categories":[1],"tags":[],"class_list":["post-8199","post","type-post","status-publish","format-standard","has-post-thumbnail","hentry","category-allgemein"],"acf":[],"yoast_head":"<!-- This site is optimized with the Yoast SEO plugin v25.8 - https:\/\/yoast.com\/wordpress\/plugins\/seo\/ -->\n<title>EU-Waldbeobachtungsgesetz - was wir \u00fcber unsere W\u00e4lder wissen<\/title>\n<meta name=\"description\" content=\"Die W\u00e4lder in Europa sind wertvolle \u00d6kosysteme und helfen uns gegen den Klimawandel. Aber wir m\u00fcssen mehr wissen, um sie zu sch\u00fctzen.\" \/>\n<meta name=\"robots\" content=\"index, follow, max-snippet:-1, max-image-preview:large, max-video-preview:-1\" \/>\n<link rel=\"canonical\" href=\"https:\/\/www.greens-efa.eu\/opinions\/eu-waldbeobachtungsgesetz\/\" \/>\n<meta property=\"og:locale\" content=\"en_US\" \/>\n<meta property=\"og:type\" content=\"article\" \/>\n<meta property=\"og:title\" content=\"EU-Waldbeobachtungsgesetz - was wir \u00fcber unsere W\u00e4lder wissen\" \/>\n<meta property=\"og:description\" content=\"Die W\u00e4lder in Europa sind wertvolle \u00d6kosysteme und helfen uns gegen den Klimawandel. Aber wir m\u00fcssen mehr wissen, um sie zu sch\u00fctzen.\" \/>\n<meta property=\"og:url\" content=\"https:\/\/www.greens-efa.eu\/opinions\/eu-waldbeobachtungsgesetz\/\" \/>\n<meta property=\"og:site_name\" content=\"Greens\/EFA\" \/>\n<meta property=\"article:published_time\" content=\"2023-12-18T09:11:50+00:00\" \/>\n<meta property=\"article:modified_time\" content=\"2023-12-18T10:13:19+00:00\" \/>\n<meta property=\"og:image\" content=\"https:\/\/www.greens-efa.eu\/opinions\/wp-content\/uploads\/2023\/11\/veliko-karachiviev-z4eCfBAw3jk-unsplash.jpg\" \/>\n\t<meta property=\"og:image:width\" content=\"2400\" \/>\n\t<meta property=\"og:image:height\" content=\"1600\" \/>\n\t<meta property=\"og:image:type\" content=\"image\/jpeg\" \/>\n<meta name=\"author\" content=\"Greens Efa\" \/>\n<meta name=\"twitter:card\" content=\"summary_large_image\" \/>\n<meta name=\"twitter:label1\" content=\"Written by\" \/>\n\t<meta name=\"twitter:data1\" content=\"Anna Deparnay-Grunenberg, Europaabgeordnete der Gr\u00fcnen\/EFA\" \/>\n\t<meta name=\"twitter:label2\" content=\"Est. reading time\" \/>\n\t<meta name=\"twitter:data2\" content=\"5 minutes\" \/>\n<script type=\"application\/ld+json\" class=\"yoast-schema-graph\">{\"@context\":\"https:\/\/schema.org\",\"@graph\":[{\"@type\":\"WebPage\",\"@id\":\"https:\/\/www.greens-efa.eu\/opinions\/eu-waldbeobachtungsgesetz\/\",\"url\":\"https:\/\/www.greens-efa.eu\/opinions\/eu-waldbeobachtungsgesetz\/\",\"name\":\"EU-Waldbeobachtungsgesetz - was wir \u00fcber unsere W\u00e4lder wissen\",\"isPartOf\":{\"@id\":\"https:\/\/www.greens-efa.eu\/opinions\/#website\"},\"primaryImageOfPage\":{\"@id\":\"https:\/\/www.greens-efa.eu\/opinions\/eu-waldbeobachtungsgesetz\/#primaryimage\"},\"image\":{\"@id\":\"https:\/\/www.greens-efa.eu\/opinions\/eu-waldbeobachtungsgesetz\/#primaryimage\"},\"thumbnailUrl\":\"https:\/\/www.greens-efa.eu\/opinions\/wp-content\/uploads\/2023\/11\/veliko-karachiviev-z4eCfBAw3jk-unsplash.jpg\",\"datePublished\":\"2023-12-18T09:11:50+00:00\",\"dateModified\":\"2023-12-18T10:13:19+00:00\",\"author\":{\"@id\":\"https:\/\/www.greens-efa.eu\/opinions\/#\/schema\/person\/6f5d24fa3125df11bace805d34a99ee3\"},\"description\":\"Die W\u00e4lder in Europa sind wertvolle \u00d6kosysteme und helfen uns gegen den Klimawandel. Aber wir m\u00fcssen mehr wissen, um sie zu sch\u00fctzen.\",\"breadcrumb\":{\"@id\":\"https:\/\/www.greens-efa.eu\/opinions\/eu-waldbeobachtungsgesetz\/#breadcrumb\"},\"inLanguage\":\"en-US\",\"potentialAction\":[{\"@type\":\"ReadAction\",\"target\":[\"https:\/\/www.greens-efa.eu\/opinions\/eu-waldbeobachtungsgesetz\/\"]}]},{\"@type\":\"ImageObject\",\"inLanguage\":\"en-US\",\"@id\":\"https:\/\/www.greens-efa.eu\/opinions\/eu-waldbeobachtungsgesetz\/#primaryimage\",\"url\":\"https:\/\/www.greens-efa.eu\/opinions\/wp-content\/uploads\/2023\/11\/veliko-karachiviev-z4eCfBAw3jk-unsplash.jpg\",\"contentUrl\":\"https:\/\/www.greens-efa.eu\/opinions\/wp-content\/uploads\/2023\/11\/veliko-karachiviev-z4eCfBAw3jk-unsplash.jpg\",\"width\":2400,\"height\":1600,\"caption\":\"Autumn in Vitosha mountain, Bulgaria\"},{\"@type\":\"BreadcrumbList\",\"@id\":\"https:\/\/www.greens-efa.eu\/opinions\/eu-waldbeobachtungsgesetz\/#breadcrumb\",\"itemListElement\":[{\"@type\":\"ListItem\",\"position\":1,\"name\":\"Startseite\",\"item\":\"https:\/\/www.greens-efa.eu\/opinions\/\"},{\"@type\":\"ListItem\",\"position\":2,\"name\":\"Das EU-waldbeobachtungsgesetz \u2013 Zeit, die Geheimnisse unserer W\u00e4lder zu l\u00fcften\"}]},{\"@type\":\"WebSite\",\"@id\":\"https:\/\/www.greens-efa.eu\/opinions\/#website\",\"url\":\"https:\/\/www.greens-efa.eu\/opinions\/\",\"name\":\"Greens\/EFA\",\"description\":\"\",\"potentialAction\":[{\"@type\":\"SearchAction\",\"target\":{\"@type\":\"EntryPoint\",\"urlTemplate\":\"https:\/\/www.greens-efa.eu\/opinions\/?s={search_term_string}\"},\"query-input\":{\"@type\":\"PropertyValueSpecification\",\"valueRequired\":true,\"valueName\":\"search_term_string\"}}],\"inLanguage\":\"en-US\"}]}<\/script>\n<!-- \/ Yoast SEO plugin. -->","yoast_head_json":{"title":"EU-Waldbeobachtungsgesetz - was wir \u00fcber unsere W\u00e4lder wissen","description":"Die W\u00e4lder in Europa sind wertvolle \u00d6kosysteme und helfen uns gegen den Klimawandel. Aber wir m\u00fcssen mehr wissen, um sie zu sch\u00fctzen.","robots":{"index":"index","follow":"follow","max-snippet":"max-snippet:-1","max-image-preview":"max-image-preview:large","max-video-preview":"max-video-preview:-1"},"canonical":"https:\/\/www.greens-efa.eu\/opinions\/eu-waldbeobachtungsgesetz\/","og_locale":"en_US","og_type":"article","og_title":"EU-Waldbeobachtungsgesetz - was wir \u00fcber unsere W\u00e4lder wissen","og_description":"Die W\u00e4lder in Europa sind wertvolle \u00d6kosysteme und helfen uns gegen den Klimawandel. Aber wir m\u00fcssen mehr wissen, um sie zu sch\u00fctzen.","og_url":"https:\/\/www.greens-efa.eu\/opinions\/eu-waldbeobachtungsgesetz\/","og_site_name":"Greens\/EFA","article_published_time":"2023-12-18T09:11:50+00:00","article_modified_time":"2023-12-18T10:13:19+00:00","og_image":[{"width":2400,"height":1600,"url":"https:\/\/www.greens-efa.eu\/opinions\/wp-content\/uploads\/2023\/11\/veliko-karachiviev-z4eCfBAw3jk-unsplash.jpg","type":"image\/jpeg"}],"author":"Greens Efa","twitter_card":"summary_large_image","twitter_misc":{"Written by":"Anna Deparnay-Grunenberg, Europaabgeordnete der Gr\u00fcnen\/EFA","Est. reading time":"5 minutes"},"schema":{"@context":"https:\/\/schema.org","@graph":[{"@type":"WebPage","@id":"https:\/\/www.greens-efa.eu\/opinions\/eu-waldbeobachtungsgesetz\/","url":"https:\/\/www.greens-efa.eu\/opinions\/eu-waldbeobachtungsgesetz\/","name":"EU-Waldbeobachtungsgesetz - was wir \u00fcber unsere W\u00e4lder wissen","isPartOf":{"@id":"https:\/\/www.greens-efa.eu\/opinions\/#website"},"primaryImageOfPage":{"@id":"https:\/\/www.greens-efa.eu\/opinions\/eu-waldbeobachtungsgesetz\/#primaryimage"},"image":{"@id":"https:\/\/www.greens-efa.eu\/opinions\/eu-waldbeobachtungsgesetz\/#primaryimage"},"thumbnailUrl":"https:\/\/www.greens-efa.eu\/opinions\/wp-content\/uploads\/2023\/11\/veliko-karachiviev-z4eCfBAw3jk-unsplash.jpg","datePublished":"2023-12-18T09:11:50+00:00","dateModified":"2023-12-18T10:13:19+00:00","author":{"@id":"https:\/\/www.greens-efa.eu\/opinions\/#\/schema\/person\/6f5d24fa3125df11bace805d34a99ee3"},"description":"Die W\u00e4lder in Europa sind wertvolle \u00d6kosysteme und helfen uns gegen den Klimawandel. Aber wir m\u00fcssen mehr wissen, um sie zu sch\u00fctzen.","breadcrumb":{"@id":"https:\/\/www.greens-efa.eu\/opinions\/eu-waldbeobachtungsgesetz\/#breadcrumb"},"inLanguage":"en-US","potentialAction":[{"@type":"ReadAction","target":["https:\/\/www.greens-efa.eu\/opinions\/eu-waldbeobachtungsgesetz\/"]}]},{"@type":"ImageObject","inLanguage":"en-US","@id":"https:\/\/www.greens-efa.eu\/opinions\/eu-waldbeobachtungsgesetz\/#primaryimage","url":"https:\/\/www.greens-efa.eu\/opinions\/wp-content\/uploads\/2023\/11\/veliko-karachiviev-z4eCfBAw3jk-unsplash.jpg","contentUrl":"https:\/\/www.greens-efa.eu\/opinions\/wp-content\/uploads\/2023\/11\/veliko-karachiviev-z4eCfBAw3jk-unsplash.jpg","width":2400,"height":1600,"caption":"Autumn in Vitosha mountain, Bulgaria"},{"@type":"BreadcrumbList","@id":"https:\/\/www.greens-efa.eu\/opinions\/eu-waldbeobachtungsgesetz\/#breadcrumb","itemListElement":[{"@type":"ListItem","position":1,"name":"Startseite","item":"https:\/\/www.greens-efa.eu\/opinions\/"},{"@type":"ListItem","position":2,"name":"Das EU-waldbeobachtungsgesetz \u2013 Zeit, die Geheimnisse unserer W\u00e4lder zu l\u00fcften"}]},{"@type":"WebSite","@id":"https:\/\/www.greens-efa.eu\/opinions\/#website","url":"https:\/\/www.greens-efa.eu\/opinions\/","name":"Greens\/EFA","description":"","potentialAction":[{"@type":"SearchAction","target":{"@type":"EntryPoint","urlTemplate":"https:\/\/www.greens-efa.eu\/opinions\/?s={search_term_string}"},"query-input":{"@type":"PropertyValueSpecification","valueRequired":true,"valueName":"search_term_string"}}],"inLanguage":"en-US"}]}},"_links":{"self":[{"href":"https:\/\/www.greens-efa.eu\/opinions\/wp-json\/wp\/v2\/posts\/8199","targetHints":{"allow":["GET"]}}],"collection":[{"href":"https:\/\/www.greens-efa.eu\/opinions\/wp-json\/wp\/v2\/posts"}],"about":[{"href":"https:\/\/www.greens-efa.eu\/opinions\/wp-json\/wp\/v2\/types\/post"}],"author":[{"embeddable":true,"href":"https:\/\/www.greens-efa.eu\/opinions\/wp-json\/wp\/v2\/users\/2"}],"replies":[{"embeddable":true,"href":"https:\/\/www.greens-efa.eu\/opinions\/wp-json\/wp\/v2\/comments?post=8199"}],"version-history":[{"count":12,"href":"https:\/\/www.greens-efa.eu\/opinions\/wp-json\/wp\/v2\/posts\/8199\/revisions"}],"predecessor-version":[{"id":8235,"href":"https:\/\/www.greens-efa.eu\/opinions\/wp-json\/wp\/v2\/posts\/8199\/revisions\/8235"}],"wp:featuredmedia":[{"embeddable":true,"href":"https:\/\/www.greens-efa.eu\/opinions\/wp-json\/wp\/v2\/media\/7773"}],"wp:attachment":[{"href":"https:\/\/www.greens-efa.eu\/opinions\/wp-json\/wp\/v2\/media?parent=8199"}],"wp:term":[{"taxonomy":"category","embeddable":true,"href":"https:\/\/www.greens-efa.eu\/opinions\/wp-json\/wp\/v2\/categories?post=8199"},{"taxonomy":"post_tag","embeddable":true,"href":"https:\/\/www.greens-efa.eu\/opinions\/wp-json\/wp\/v2\/tags?post=8199"}],"curies":[{"name":"wp","href":"https:\/\/api.w.org\/{rel}","templated":true}]}}